{"id":1206,"date":"2019-12-20T19:41:57","date_gmt":"2019-12-20T18:41:57","guid":{"rendered":"https:\/\/www.musikvereinigung-tiefenbach.de\/?p=1206"},"modified":"2020-03-07T19:35:46","modified_gmt":"2020-03-07T18:35:46","slug":"jahresrueckblick-2019","status":"publish","type":"post","link":"https:\/\/www.musikvereinigung-tiefenbach.de\/?p=1206","title":{"rendered":"Jahresr\u00fcckblick 2019"},"content":{"rendered":"<p><\/p>\n<p>Wir blicken auf ein ereignisreiches Jahr 2019 zur\u00fcck. Unseren holprigen Start mit unserer <strong>Generalversammlung<\/strong> im Januar, in welchem Rahmen wir leider niemanden f\u00fcr die \u00c4mter der Jugendleitung gewinnen konnten, haben wir verdaut und sind froh dar\u00fcber wieder alle \u00c4mter besetzt zu haben. (<a href=\"https:\/\/www.musikvereinigung-tiefenbach.de\/?page_id=36\">zur Vorstandschaft<\/a> &amp; <a href=\"https:\/\/www.musikvereinigung-tiefenbach.de\/?page_id=66\">Jugendleitung<\/a>)<\/p>\n<p><\/p>\n<p><\/p>\n<div class=\"wp-block-image\">\n<figure class=\"alignright is-resized\"><img loading=\"lazy\" decoding=\"async\" src=\"https:\/\/www.musikvereinigung-tiefenbach.de\/wp-content\/uploads\/2019\/03\/IMG_0534-1-1024x768.jpg\" alt=\"\" class=\"wp-image-495\" width=\"180\" height=\"135\" srcset=\"https:\/\/www.musikvereinigung-tiefenbach.de\/wp-content\/uploads\/2019\/03\/IMG_0534-1-1024x768.jpg 1024w, https:\/\/www.musikvereinigung-tiefenbach.de\/wp-content\/uploads\/2019\/03\/IMG_0534-1-300x225.jpg 300w, https:\/\/www.musikvereinigung-tiefenbach.de\/wp-content\/uploads\/2019\/03\/IMG_0534-1-768x576.jpg 768w\" sizes=\"(max-width: 180px) 100vw, 180px\" \/><\/figure>\n<\/div>\n<p><\/p>\n<p><\/p>\n<p>Die Faschingszeit war mit intensiver Probenarbeit verbunden, wobei wir mit Spa\u00df wieder die Kost\u00fcme f\u00fcr unseren allj\u00e4hrlichen <strong>Kinderfasching<\/strong> am Faschingssamstag aus den Schr\u00e4nken holten. <\/p>\n<p><\/p>\n<p><\/p>\n<p>Mit dem &#8222;<strong>Konzert f\u00fcr Jedermann<\/strong>&#8220; ist uns der Versuch gelungen konzertante Blasmusik der breiten Zuh\u00f6rerschaft schmackhaft zu machen, ehe wir die Stilrichtung wechselten und zu Bier und gehobener b\u00f6hmischer Blasmusik den Abend ausklingen lie\u00dfen. <\/p>\n<p><\/p>\n<p><\/p>\n<div class=\"wp-block-image\">\n<figure class=\"alignleft is-resized\"><img loading=\"lazy\" decoding=\"async\" src=\"https:\/\/www.musikvereinigung-tiefenbach.de\/wp-content\/uploads\/2019\/04\/3611508194799859335_IMG_5725-1024x683.jpg\" alt=\"\" class=\"wp-image-548\" width=\"355\" height=\"238\" srcset=\"https:\/\/www.musikvereinigung-tiefenbach.de\/wp-content\/uploads\/2019\/04\/3611508194799859335_IMG_5725-1024x683.jpg 1024w, https:\/\/www.musikvereinigung-tiefenbach.de\/wp-content\/uploads\/2019\/04\/3611508194799859335_IMG_5725-300x200.jpg 300w, https:\/\/www.musikvereinigung-tiefenbach.de\/wp-content\/uploads\/2019\/04\/3611508194799859335_IMG_5725-768x512.jpg 768w\" sizes=\"(max-width: 355px) 100vw, 355px\" \/><\/figure>\n<\/div>\n<p><\/p>\n<p><\/p>\n<p>Uns hat&#8217;s gefreut, dass ihr Spa\u00df hattet und wir planen unser Konzert in 2020 in \u00e4hnlicher Art und Weise durchzuf\u00fchren.<br \/>Schreibt uns doch gerne (<a href=\"mailto:info@musikvereinigung-tiefenbach.de\">info@musikvereinigung-tiefenbach.de<\/a>) wie ihr den Abend in Erinnerung habt, was ihr genauso wieder haben m\u00f6chtet oder auf was ihr gerne verzichten k\u00f6nnt &#8211; wenn ihr Spa\u00df habt kommt bei uns der Spa\u00df von selbst!<\/p>\n<p><\/p>\n<p><\/p>\n<div class=\"wp-block-image\">\n<figure class=\"alignright is-resized\"><img loading=\"lazy\" decoding=\"async\" src=\"https:\/\/www.musikvereinigung-tiefenbach.de\/wp-content\/uploads\/2019\/06\/2019-06-17-20-53-24-11-1024x768.jpg\" alt=\"\" class=\"wp-image-657\" width=\"246\" height=\"184\" srcset=\"https:\/\/www.musikvereinigung-tiefenbach.de\/wp-content\/uploads\/2019\/06\/2019-06-17-20-53-24-11-1024x768.jpg 1024w, https:\/\/www.musikvereinigung-tiefenbach.de\/wp-content\/uploads\/2019\/06\/2019-06-17-20-53-24-11-300x225.jpg 300w, https:\/\/www.musikvereinigung-tiefenbach.de\/wp-content\/uploads\/2019\/06\/2019-06-17-20-53-24-11-768x576.jpg 768w\" sizes=\"(max-width: 246px) 100vw, 246px\" \/><\/figure>\n<\/div>\n<p><\/p>\n<p><\/p>\n<p>Allj\u00e4hrlich &#8211; in diesem Jahr bei herrlichem Wetter &#8211; fand im Juni unser<strong> Brotzeitabend <\/strong>statt. Selbst gemachte Brotzeitspezialit\u00e4ten, k\u00fchles Bier und z\u00fcnftige Blasmusik haben sich zum Erfolgsrezept entwickelt. Die Atmosph\u00e4re am Michel-Streit-Platz stimmt und der Brotzeitabend ist aus dem Tiefenbacher Veranstsaltungskalender nicht mehr wegzudenken! An alle Gewinner unserer Sch\u00e4tzfrage: Ihr k\u00f6nnt die Hartwurst jetzt endlich mal aus dem Keller holen und stellt das Bier kalt!<\/p>\n<p><\/p>\n<p><\/p>\n<div class=\"wp-block-image\">\n<figure class=\"alignleft is-resized\"><img loading=\"lazy\" decoding=\"async\" src=\"https:\/\/www.musikvereinigung-tiefenbach.de\/wp-content\/uploads\/2019\/06\/2019-06-17-20-58-21-1-1024x767.jpg\" alt=\"\" class=\"wp-image-659\" width=\"213\" height=\"158\"\/><figcaption><\/figcaption><\/figure>\n<\/div>\n<p><\/p>\n<p><\/p>\n<p>An dieser Stelle nochmals herzliche Gr\u00fc\u00dfe an unsere Tiefenbacher Musikfreunde. <br \/>Euer Besuch &#8211; sau stark! <br \/>Mit euch ist es immer eine riesen Gaudi und uns freut riesig, dass die Freundschaft mittlerweile \u00fcber Generationen hinweg besteht!<\/p>\n<p><\/p>\n<p><\/p>\n<p>Auch beim <strong>Tiefenbacher Dorffest<\/strong> im Juli ist die Feierei nicht zu kurz gekommen, wenn auch die beiden Tage Gro\u00dfkampftag f\u00fcr unseren kleinen Verein bedeuten. \u00dcber die zwei Tage hinweg gilt es das Bier am Laufen zu halten, da muss jeder ran.<\/p>\n<p><\/p>\n<p><\/p>\n<ul class=\"wp-block-gallery aligncenter columns-3 is-cropped wp-block-gallery-1 is-layout-flex wp-block-gallery-is-layout-flex\">\n<li class=\"blocks-gallery-item\">\n<figure><img loading=\"lazy\" decoding=\"async\" width=\"1000\" height=\"750\" src=\"https:\/\/www.musikvereinigung-tiefenbach.de\/wp-content\/uploads\/2019\/07\/dorffest2019_006_low.jpg\" alt=\"\" data-id=\"701\" data-link=\"https:\/\/www.musikvereinigung-tiefenbach.de\/?attachment_id=701\" class=\"wp-image-701\" srcset=\"https:\/\/www.musikvereinigung-tiefenbach.de\/wp-content\/uploads\/2019\/07\/dorffest2019_006_low.jpg 1000w, https:\/\/www.musikvereinigung-tiefenbach.de\/wp-content\/uploads\/2019\/07\/dorffest2019_006_low-300x225.jpg 300w, https:\/\/www.musikvereinigung-tiefenbach.de\/wp-content\/uploads\/2019\/07\/dorffest2019_006_low-768x576.jpg 768w\" sizes=\"(max-width: 1000px) 100vw, 1000px\" \/><\/figure>\n<\/li>\n<li class=\"blocks-gallery-item\">\n<figure><img loading=\"lazy\" decoding=\"async\" width=\"1000\" height=\"750\" src=\"https:\/\/www.musikvereinigung-tiefenbach.de\/wp-content\/uploads\/2019\/07\/dorffest2019_004_low.jpg\" alt=\"\" data-id=\"699\" data-link=\"https:\/\/www.musikvereinigung-tiefenbach.de\/?attachment_id=699\" class=\"wp-image-699\" srcset=\"https:\/\/www.musikvereinigung-tiefenbach.de\/wp-content\/uploads\/2019\/07\/dorffest2019_004_low.jpg 1000w, https:\/\/www.musikvereinigung-tiefenbach.de\/wp-content\/uploads\/2019\/07\/dorffest2019_004_low-300x225.jpg 300w, https:\/\/www.musikvereinigung-tiefenbach.de\/wp-content\/uploads\/2019\/07\/dorffest2019_004_low-768x576.jpg 768w\" sizes=\"(max-width: 1000px) 100vw, 1000px\" \/><\/figure>\n<\/li>\n<li class=\"blocks-gallery-item\">\n<figure><img loading=\"lazy\" decoding=\"async\" width=\"1000\" height=\"750\" src=\"https:\/\/www.musikvereinigung-tiefenbach.de\/wp-content\/uploads\/2019\/07\/dorffest2019_003_low.jpg\" alt=\"\" data-id=\"698\" data-link=\"https:\/\/www.musikvereinigung-tiefenbach.de\/?attachment_id=698\" class=\"wp-image-698\" srcset=\"https:\/\/www.musikvereinigung-tiefenbach.de\/wp-content\/uploads\/2019\/07\/dorffest2019_003_low.jpg 1000w, https:\/\/www.musikvereinigung-tiefenbach.de\/wp-content\/uploads\/2019\/07\/dorffest2019_003_low-300x225.jpg 300w, https:\/\/www.musikvereinigung-tiefenbach.de\/wp-content\/uploads\/2019\/07\/dorffest2019_003_low-768x576.jpg 768w\" sizes=\"(max-width: 1000px) 100vw, 1000px\" \/><\/figure>\n<\/li>\n<\/ul>\n<p><\/p>\n<p><\/p>\n<p>Best\u00e4ndiges Wetter hat zahlreiche Besucher aus Nah und Fern nach Tiefenbach gelockt. Traditionell gestalteten wir den Samstag Abend musikalisch und konnten die Gelegenheit nutzen zu sp\u00e4terer Stunde den ein oder anderen Hit aus dem Hut zu zaubern.<\/p>\n<p><\/p>\n<p><\/p>\n<p>Neben den Auftritten innerorts konnten wir auch Auftritte in Bubenhausen, Osterberg und Obenhausen bewerkstelligen. Nochmals herzlichen Dank an alle Gastgeber f\u00fcr die einfache Abwicklung und sehr gute Betreuung und Verk\u00f6stigung!<\/p>\n<p><\/p>\n<p><\/p>\n<ul class=\"wp-block-gallery columns-3 is-cropped wp-block-gallery-2 is-layout-flex wp-block-gallery-is-layout-flex\">\n<li class=\"blocks-gallery-item\">\n<figure><img loading=\"lazy\" decoding=\"async\" width=\"1000\" height=\"750\" src=\"https:\/\/www.musikvereinigung-tiefenbach.de\/wp-content\/uploads\/2019\/07\/mvt_waldfestbubenhausen2019_low_0003.jpg\" alt=\"\" data-id=\"708\" data-link=\"https:\/\/www.musikvereinigung-tiefenbach.de\/?attachment_id=708\" class=\"wp-image-708\" srcset=\"https:\/\/www.musikvereinigung-tiefenbach.de\/wp-content\/uploads\/2019\/07\/mvt_waldfestbubenhausen2019_low_0003.jpg 1000w, https:\/\/www.musikvereinigung-tiefenbach.de\/wp-content\/uploads\/2019\/07\/mvt_waldfestbubenhausen2019_low_0003-300x225.jpg 300w, https:\/\/www.musikvereinigung-tiefenbach.de\/wp-content\/uploads\/2019\/07\/mvt_waldfestbubenhausen2019_low_0003-768x576.jpg 768w\" sizes=\"(max-width: 1000px) 100vw, 1000px\" \/><\/figure>\n<\/li>\n<li class=\"blocks-gallery-item\">\n<figure><img loading=\"lazy\" decoding=\"async\" width=\"1000\" height=\"750\" src=\"https:\/\/www.musikvereinigung-tiefenbach.de\/wp-content\/uploads\/2019\/08\/2019_pfarrfest_obenhausen_low_0005.jpg\" alt=\"\" data-id=\"786\" data-link=\"https:\/\/www.musikvereinigung-tiefenbach.de\/?attachment_id=786\" class=\"wp-image-786\" srcset=\"https:\/\/www.musikvereinigung-tiefenbach.de\/wp-content\/uploads\/2019\/08\/2019_pfarrfest_obenhausen_low_0005.jpg 1000w, https:\/\/www.musikvereinigung-tiefenbach.de\/wp-content\/uploads\/2019\/08\/2019_pfarrfest_obenhausen_low_0005-300x225.jpg 300w, https:\/\/www.musikvereinigung-tiefenbach.de\/wp-content\/uploads\/2019\/08\/2019_pfarrfest_obenhausen_low_0005-768x576.jpg 768w\" sizes=\"(max-width: 1000px) 100vw, 1000px\" \/><\/figure>\n<\/li>\n<li class=\"blocks-gallery-item\">\n<figure><img loading=\"lazy\" decoding=\"async\" width=\"1000\" height=\"750\" src=\"https:\/\/www.musikvereinigung-tiefenbach.de\/wp-content\/uploads\/2019\/08\/2019_pfarrfest_obenhausen_low_0001.jpg\" alt=\"\" data-id=\"781\" data-link=\"https:\/\/www.musikvereinigung-tiefenbach.de\/?attachment_id=781\" class=\"wp-image-781\" srcset=\"https:\/\/www.musikvereinigung-tiefenbach.de\/wp-content\/uploads\/2019\/08\/2019_pfarrfest_obenhausen_low_0001.jpg 1000w, https:\/\/www.musikvereinigung-tiefenbach.de\/wp-content\/uploads\/2019\/08\/2019_pfarrfest_obenhausen_low_0001-300x225.jpg 300w, https:\/\/www.musikvereinigung-tiefenbach.de\/wp-content\/uploads\/2019\/08\/2019_pfarrfest_obenhausen_low_0001-768x576.jpg 768w\" sizes=\"(max-width: 1000px) 100vw, 1000px\" \/><\/figure>\n<\/li>\n<\/ul>\n<p><\/p>\n<p><\/p>\n<p>Nach der Sommerpause starteten wir mit einem privaten Auftritt in Witzighausen &#8211; super Location und wir durften bereits das zweite Mal den Abend umrahmen.<\/p>\n<p><\/p>\n<p><\/p>\n<div class=\"wp-block-image\">\n<figure class=\"alignright is-resized\"><img loading=\"lazy\" decoding=\"async\" src=\"https:\/\/www.musikvereinigung-tiefenbach.de\/wp-content\/uploads\/2019\/12\/2019-11-16-17-03-19-6-1024x768.jpg\" alt=\"\" class=\"wp-image-1213\" width=\"256\" height=\"192\" srcset=\"https:\/\/www.musikvereinigung-tiefenbach.de\/wp-content\/uploads\/2019\/12\/2019-11-16-17-03-19-6-1024x768.jpg 1024w, https:\/\/www.musikvereinigung-tiefenbach.de\/wp-content\/uploads\/2019\/12\/2019-11-16-17-03-19-6-300x225.jpg 300w, https:\/\/www.musikvereinigung-tiefenbach.de\/wp-content\/uploads\/2019\/12\/2019-11-16-17-03-19-6-768x576.jpg 768w\" sizes=\"(max-width: 256px) 100vw, 256px\" \/><\/figure>\n<\/div>\n<p><\/p>\n<p><\/p>\n<p>Anschlie\u00dfend begannen die  Vorbereitungen f\u00fcr unser Weihnachtskonzert. Den gesamten November \u00fcber hatten wir unsere Jungmusiker  w\u00e4hrend den Proben zu Gast. Diese durften ihr ganzes K\u00f6nnen dann beim Weihnachtsmarkt in Illertissen, dem Adventsfenster und dem Adventshoigarta zum Besten geben. Macht weiter so!<\/p>\n<p><\/p>\n<p><\/p>\n<p>Leider mussten wir gegen Ende des Jahres von unserem Mitglied Josef Dornicak und unserem Ehrenmitglied Anton B\u00fcrzle Abschied nehmen. Wir werden euch immer in bester Erinnerung behalten!<\/p>\n<p><\/p>\n<p><\/p>\n<p>Den Jahresabschluss bildete traditionell unser <strong>Adventskonzert<\/strong> in der St. Antonius Kirche in Tiefenbach. Konzertante Blasmusik gepaart mit Blockfl\u00f6ten- und Fl\u00fcgelhornkl\u00e4ngen rundeten das Jahr w\u00fcrdig ab und voll Vorfreude blicken wir auf 2020.<\/p>\n<p><\/p>\n<p><\/p>\n<p>In diesem Sinne m\u00f6chten wir uns nochmals herzlichst bei allen unseren Unterst\u00fctzenden, den tatkr\u00e4ftigen Helfern und allen Besuchern bedanken.<br \/>Wir w\u00fcnschen allen ein frohes Weihnachtsfest und einen guten Rutsch ins neue Jahr!<\/p>\n<p><\/p>\n","protected":false},"excerpt":{"rendered":"<p>Wir blicken auf ein ereignisreiches Jahr 2019 zur\u00fcck. Unseren holprigen Start mit unserer Generalversammlung im Januar, in welchem Rahmen wir leider niemanden f\u00fcr die \u00c4mter der Jugendleitung gewinnen konnten, haben wir verdaut und sind froh dar\u00fcber wieder alle \u00c4mter besetzt zu haben. (zur Vorstandschaft &amp; Jugendleitung) Die Faschingszeit war mit intensiver Probenarbeit verbunden, wobei wir [&hellip;]<\/p>\n","protected":false},"author":1,"featured_media":1202,"comment_status":"open","ping_status":"open","sticky":false,"template":"","format":"standard","meta":{"footnotes":""},"categories":[7],"tags":[],"_links":{"self":[{"href":"https:\/\/www.musikvereinigung-tiefenbach.de\/index.php?rest_route=\/wp\/v2\/posts\/1206"}],"collection":[{"href":"https:\/\/www.musikvereinigung-tiefenbach.de\/index.php?rest_route=\/wp\/v2\/posts"}],"about":[{"href":"https:\/\/www.musikvereinigung-tiefenbach.de\/index.php?rest_route=\/wp\/v2\/types\/post"}],"author":[{"embeddable":true,"href":"https:\/\/www.musikvereinigung-tiefenbach.de\/index.php?rest_route=\/wp\/v2\/users\/1"}],"replies":[{"embeddable":true,"href":"https:\/\/www.musikvereinigung-tiefenbach.de\/index.php?rest_route=%2Fwp%2Fv2%2Fcomments&post=1206"}],"version-history":[{"count":10,"href":"https:\/\/www.musikvereinigung-tiefenbach.de\/index.php?rest_route=\/wp\/v2\/posts\/1206\/revisions"}],"predecessor-version":[{"id":1284,"href":"https:\/\/www.musikvereinigung-tiefenbach.de\/index.php?rest_route=\/wp\/v2\/posts\/1206\/revisions\/1284"}],"wp:featuredmedia":[{"embeddable":true,"href":"https:\/\/www.musikvereinigung-tiefenbach.de\/index.php?rest_route=\/wp\/v2\/media\/1202"}],"wp:attachment":[{"href":"https:\/\/www.musikvereinigung-tiefenbach.de\/index.php?rest_route=%2Fwp%2Fv2%2Fmedia&parent=1206"}],"wp:term":[{"taxonomy":"category","embeddable":true,"href":"https:\/\/www.musikvereinigung-tiefenbach.de\/index.php?rest_route=%2Fwp%2Fv2%2Fcategories&post=1206"},{"taxonomy":"post_tag","embeddable":true,"href":"https:\/\/www.musikvereinigung-tiefenbach.de\/index.php?rest_route=%2Fwp%2Fv2%2Ftags&post=1206"}],"curies":[{"name":"wp","href":"https:\/\/api.w.org\/{rel}","templated":true}]}}