{"id":1251,"date":"2020-02-24T20:09:16","date_gmt":"2020-02-24T19:09:16","guid":{"rendered":"https:\/\/www.musikvereinigung-tiefenbach.de\/?p=1251"},"modified":"2020-03-07T19:28:23","modified_gmt":"2020-03-07T18:28:23","slug":"bericht-zur-generalversammlung-2020","status":"publish","type":"post","link":"https:\/\/www.musikvereinigung-tiefenbach.de\/?p=1251","title":{"rendered":"Bericht zur Generalversammlung 2020"},"content":{"rendered":"<p><\/p>\n<p>Am 07.02.2020 fand in unserem Probenraum im Bgm.-Erwin-B\u00fcrzle-Haus in Tiefenbach unsere diesj\u00e4hrige Generalversammlung statt. <br \/>Krankheitsbedingt in relativ kleiner Runde durfte 2. Vorstand Fabian Sailer den ebenfalls erkrankten 1.Vorstand Raphael Sedlak vertreten und begr\u00fc\u00dfte neben den anwesenden Mitgliedern auch unsere Ehreng\u00e4ste des Vereinsrings und der Lokalpolitik.<\/p>\n<p><\/p>\n<p><\/p>\n<div class=\"wp-block-image\">\n<figure class=\"alignright is-resized\"><a href=\"https:\/\/www.musikvereinigung-tiefenbach.de\/wp-content\/uploads\/2020\/02\/Generalversammlung_2020_00001.jpeg\"><img loading=\"lazy\" decoding=\"async\" src=\"https:\/\/www.musikvereinigung-tiefenbach.de\/wp-content\/uploads\/2020\/02\/Generalversammlung_2020_00001-1024x768.jpeg\" alt=\"\" class=\"wp-image-1249\" width=\"256\" height=\"192\" srcset=\"https:\/\/www.musikvereinigung-tiefenbach.de\/wp-content\/uploads\/2020\/02\/Generalversammlung_2020_00001-1024x768.jpeg 1024w, https:\/\/www.musikvereinigung-tiefenbach.de\/wp-content\/uploads\/2020\/02\/Generalversammlung_2020_00001-300x225.jpeg 300w, https:\/\/www.musikvereinigung-tiefenbach.de\/wp-content\/uploads\/2020\/02\/Generalversammlung_2020_00001-768x576.jpeg 768w\" sizes=\"(max-width: 256px) 100vw, 256px\" \/><\/a><\/figure>\n<\/div>\n<p><\/p>\n<p><\/p>\n<p>Die Ausschussmitglieder der einzelnen Ressorts konnten allesamt auf ein ereignisreiches, erfolgreiches und erfreuliches Jahr 2019 zur\u00fcckblicken.<br \/>Weitere Informationen findet ihr in unserem Bericht zum <a href=\"https:\/\/www.musikvereinigung-tiefenbach.de\/?p=1206\">Jahresr\u00fcckblick 2019.<\/a><\/p>\n<p><\/p>\n<p><\/p>\n<p>Traditionsgem\u00e4\u00df bedankten sich die Vorst\u00e4nde und der Dirigent mit einer z\u00fcnftigen Brotzeit im Anschluss an die Versammlung f\u00fcr die im vergangenen Jahr gestellten Maib\u00e4ume bei den Musikern.<\/p>\n<p><\/p>\n<p><\/p>\n<p><\/p>\n<p><\/p>\n<h4 class=\"wp-block-heading\">Ehrungen f\u00fcr langj\u00e4hrige aktive Mitgliedschaft<\/h4>\n<p><\/p>\n<p><\/p>\n<div class=\"wp-block-image\">\n<figure class=\"alignleft is-resized\"><a href=\"https:\/\/www.musikvereinigung-tiefenbach.de\/wp-content\/uploads\/2020\/02\/Generalversammlung_2020_00002.jpeg\"><img loading=\"lazy\" decoding=\"async\" src=\"https:\/\/www.musikvereinigung-tiefenbach.de\/wp-content\/uploads\/2020\/02\/Generalversammlung_2020_00002-1024x768.jpeg\" alt=\"\" class=\"wp-image-1250\" width=\"512\" height=\"384\" srcset=\"https:\/\/www.musikvereinigung-tiefenbach.de\/wp-content\/uploads\/2020\/02\/Generalversammlung_2020_00002-1024x768.jpeg 1024w, https:\/\/www.musikvereinigung-tiefenbach.de\/wp-content\/uploads\/2020\/02\/Generalversammlung_2020_00002-300x225.jpeg 300w, https:\/\/www.musikvereinigung-tiefenbach.de\/wp-content\/uploads\/2020\/02\/Generalversammlung_2020_00002-768x576.jpeg 768w\" sizes=\"(max-width: 512px) 100vw, 512px\" \/><\/a><figcaption>Schriftf\u00fchrerin Melanie Kraft mit 2. Vorstand Fabian Sailer <\/figcaption><\/figure>\n<\/div>\n<p><\/p>\n<p><\/p>\n<p>Erfreulicherweise durften wir unserer Schriftf\u00fchrerin Melanie Kraft  eine Ehrenurkunde f\u00fcr 15-j\u00e4hrige aktive Mitgliedschaft \u00fcberreichen. <\/p>\n<p><\/p>\n<p><\/p>\n<p>Aufgrund der meist krankheitsbedingten Abwesenheit von Julia B\u00f6ck und Selina Moro (beide 15-j\u00e4hrige T\u00e4tigkeit), sowie Hubert B\u00f6ck (50-j\u00e4hrige T\u00e4tigkeit) konnten wir diese Ehrungen leider nicht vornehmen, holen diese aber selbstverst\u00e4ndlich zu gegebener Zeit nach.<\/p>\n<p><\/p>\n","protected":false},"excerpt":{"rendered":"<p>Am 07.02.2020 fand in unserem Probenraum im Bgm.-Erwin-B\u00fcrzle-Haus in Tiefenbach unsere diesj\u00e4hrige Generalversammlung statt. Krankheitsbedingt in relativ kleiner Runde durfte 2. Vorstand Fabian Sailer den ebenfalls erkrankten 1.Vorstand Raphael Sedlak vertreten und begr\u00fc\u00dfte neben den anwesenden Mitgliedern auch unsere Ehreng\u00e4ste des Vereinsrings und der Lokalpolitik. Die Ausschussmitglieder der einzelnen Ressorts konnten allesamt auf ein ereignisreiches, [&hellip;]<\/p>\n","protected":false},"author":1,"featured_media":1250,"comment_status":"open","ping_status":"open","sticky":false,"template":"","format":"standard","meta":{"footnotes":""},"categories":[7],"tags":[],"_links":{"self":[{"href":"https:\/\/www.musikvereinigung-tiefenbach.de\/index.php?rest_route=\/wp\/v2\/posts\/1251"}],"collection":[{"href":"https:\/\/www.musikvereinigung-tiefenbach.de\/index.php?rest_route=\/wp\/v2\/posts"}],"about":[{"href":"https:\/\/www.musikvereinigung-tiefenbach.de\/index.php?rest_route=\/wp\/v2\/types\/post"}],"author":[{"embeddable":true,"href":"https:\/\/www.musikvereinigung-tiefenbach.de\/index.php?rest_route=\/wp\/v2\/users\/1"}],"replies":[{"embeddable":true,"href":"https:\/\/www.musikvereinigung-tiefenbach.de\/index.php?rest_route=%2Fwp%2Fv2%2Fcomments&post=1251"}],"version-history":[{"count":5,"href":"https:\/\/www.musikvereinigung-tiefenbach.de\/index.php?rest_route=\/wp\/v2\/posts\/1251\/revisions"}],"predecessor-version":[{"id":1282,"href":"https:\/\/www.musikvereinigung-tiefenbach.de\/index.php?rest_route=\/wp\/v2\/posts\/1251\/revisions\/1282"}],"wp:featuredmedia":[{"embeddable":true,"href":"https:\/\/www.musikvereinigung-tiefenbach.de\/index.php?rest_route=\/wp\/v2\/media\/1250"}],"wp:attachment":[{"href":"https:\/\/www.musikvereinigung-tiefenbach.de\/index.php?rest_route=%2Fwp%2Fv2%2Fmedia&parent=1251"}],"wp:term":[{"taxonomy":"category","embeddable":true,"href":"https:\/\/www.musikvereinigung-tiefenbach.de\/index.php?rest_route=%2Fwp%2Fv2%2Fcategories&post=1251"},{"taxonomy":"post_tag","embeddable":true,"href":"https:\/\/www.musikvereinigung-tiefenbach.de\/index.php?rest_route=%2Fwp%2Fv2%2Ftags&post=1251"}],"curies":[{"name":"wp","href":"https:\/\/api.w.org\/{rel}","templated":true}]}}