{"id":1257,"date":"2020-03-07T13:37:45","date_gmt":"2020-03-07T12:37:45","guid":{"rendered":"https:\/\/www.musikvereinigung-tiefenbach.de\/?p=1257"},"modified":"2020-03-07T19:26:20","modified_gmt":"2020-03-07T18:26:20","slug":"dirigent-in-gesucht","status":"publish","type":"post","link":"https:\/\/www.musikvereinigung-tiefenbach.de\/?p=1257","title":{"rendered":"Dirigent\/in GESUCHT"},"content":{"rendered":"<p><\/p>\n<p>Wir suchen <strong>zum September 2020<\/strong> einen neuen Dirigenten. Falls Du ebenfalls auf der Suche nach neuen Herausforderungen bist oder gar am Beginn deiner Dirigentenlaufbahn stehst, dann melde dich bei uns &#8211; jeder ist willkommen, ob alt oder jung, dick oder d\u00fcnn, Profi oder Neuling, &#8230; <\/p>\n<p><\/p>\n<p><\/p>\n<div class=\"wp-block-image\">\n<figure class=\"aligncenter is-resized\"><a href=\"https:\/\/www.musikvereinigung-tiefenbach.de\/wp-content\/uploads\/2020\/03\/200306_Anzeige_Dirigentensuche_full.png\"><img loading=\"lazy\" decoding=\"async\" src=\"https:\/\/www.musikvereinigung-tiefenbach.de\/wp-content\/uploads\/2020\/03\/200306_Dirigentenanzeige_Facebook-1024x1024.png\" alt=\"\" class=\"wp-image-1259\" width=\"512\" height=\"512\" srcset=\"https:\/\/www.musikvereinigung-tiefenbach.de\/wp-content\/uploads\/2020\/03\/200306_Dirigentenanzeige_Facebook-1024x1024.png 1024w, https:\/\/www.musikvereinigung-tiefenbach.de\/wp-content\/uploads\/2020\/03\/200306_Dirigentenanzeige_Facebook-150x150.png 150w, https:\/\/www.musikvereinigung-tiefenbach.de\/wp-content\/uploads\/2020\/03\/200306_Dirigentenanzeige_Facebook-300x300.png 300w, https:\/\/www.musikvereinigung-tiefenbach.de\/wp-content\/uploads\/2020\/03\/200306_Dirigentenanzeige_Facebook-768x768.png 768w, https:\/\/www.musikvereinigung-tiefenbach.de\/wp-content\/uploads\/2020\/03\/200306_Dirigentenanzeige_Facebook-510x510.png 510w, https:\/\/www.musikvereinigung-tiefenbach.de\/wp-content\/uploads\/2020\/03\/200306_Dirigentenanzeige_Facebook.png 1200w\" sizes=\"(max-width: 512px) 100vw, 512px\" \/><\/a><\/figure>\n<\/div>\n<p><\/p>\n<p><\/p>\n<p>Wir sind ein typische Musikkapelle vom Dorf. Unser Repertoire reicht von traditioneller Blasmusik \u00fcber den ein oder anderen Stimmungshit bis hin zur konzertanten Blasmusik.<\/p>\n<p>Wir machen keinen Hehl daraus, die Herausforderung besteht darin, mit der vergleichbar geringen Anzahl an Musikern diese musikalische Breite abzudecken. Dies ist uns in den letzten Jahr durchaus gut gelungen &#8211; der Spa\u00df an der Musik und die Geselligkeit bleibt doch immer an erster Stelle.<\/p>\n<p><\/p>\n<p><\/p>\n<hr class=\"wp-block-separator\"\/>\n<\/p>\n<p><\/p>\n<h4 class=\"wp-block-heading\">Zahlen, Daten, Fakten:<\/h4>\n<p><\/p>\n<p><\/p>\n<ul>\n<li> ca. 20 Musiker\/innen (Besetzung: siehe <a href=\"https:\/\/www.musikvereinigung-tiefenbach.de\/?page_id=50&amp;preview_id=50&amp;preview_nonce=d2410e8bc7&amp;preview=true\">Kapelle<\/a> )<\/li>\n<li>Aktueller Probentag: Freitag, 20.00 Uhr<\/li>\n<li>Traditionelle Musik\n<ul>\n<li>Brotzeitabend Tiefenbach<\/li>\n<li>Dorffest Tiefenbach<\/li>\n<li>3&#8230;5 Unterhaltungsauftritte in der Umgebung<\/li>\n<\/ul>\n<\/li>\n<li>Konzertante Musik\n<ul>\n<li>Weihnachtskonzert in der Tiefenbacher Kirche<\/li>\n<li>Fr\u00fchlingskonzert (seit 2019 als &#8222;Konzert f\u00fcr Jedermann&#8220;)<\/li>\n<\/ul>\n<\/li>\n<\/ul>\n<p><\/p>\n<p><\/p>\n<p><\/p>\n<p><\/p>\n<p>Unser aktueller Dirigent Martin Eittinger verl\u00e4sst uns zum Ende der Sommersaison um sich seinen eigenen musikalischen Projekten wieder mehr widmen zu k\u00f6nnen. Mit Freude und Dankbarkeit blicken wir dann auf seine T\u00e4tigkeit bei der Musikvereinigung Tiefenbach zur\u00fcck &#8211; <strong>Martin vorab schon herzlichen Dank f\u00fcr dein Wirken!<\/strong><\/p>\n<p><\/p>\n<p><\/p>\n<h4 class=\"wp-block-heading\">Interesse geweckt?<\/h4>\n<p><\/p>\n<p><\/p>\n<p>Melde dich gerne ganz unverbindlich bei unserem <a href=\"https:\/\/www.musikvereinigung-tiefenbach.de\/?page_id=36\">1. Vorstand Raphael Sedlak<\/a> oder \u00fcber unser <a href=\"https:\/\/www.musikvereinigung-tiefenbach.de\/?page_id=20\">Kontaktformular<\/a>. Wir freuen uns von dir zu h\u00f6ren!<\/p>\n<p><\/p>\n<p><\/p>\n<p><\/p>\n<p><\/p>\n","protected":false},"excerpt":{"rendered":"<p>Wir suchen zum September 2020 einen neuen Dirigenten. Falls Du ebenfalls auf der Suche nach neuen Herausforderungen bist oder gar am Beginn deiner Dirigentenlaufbahn stehst, dann melde dich bei uns &#8211; jeder ist willkommen, ob alt oder jung, dick oder d\u00fcnn, Profi oder Neuling, &#8230; Wir sind ein typische Musikkapelle vom Dorf. Unser Repertoire reicht [&hellip;]<\/p>\n","protected":false},"author":1,"featured_media":1259,"comment_status":"open","ping_status":"open","sticky":false,"template":"","format":"standard","meta":{"footnotes":""},"categories":[7],"tags":[],"_links":{"self":[{"href":"https:\/\/www.musikvereinigung-tiefenbach.de\/index.php?rest_route=\/wp\/v2\/posts\/1257"}],"collection":[{"href":"https:\/\/www.musikvereinigung-tiefenbach.de\/index.php?rest_route=\/wp\/v2\/posts"}],"about":[{"href":"https:\/\/www.musikvereinigung-tiefenbach.de\/index.php?rest_route=\/wp\/v2\/types\/post"}],"author":[{"embeddable":true,"href":"https:\/\/www.musikvereinigung-tiefenbach.de\/index.php?rest_route=\/wp\/v2\/users\/1"}],"replies":[{"embeddable":true,"href":"https:\/\/www.musikvereinigung-tiefenbach.de\/index.php?rest_route=%2Fwp%2Fv2%2Fcomments&post=1257"}],"version-history":[{"count":8,"href":"https:\/\/www.musikvereinigung-tiefenbach.de\/index.php?rest_route=\/wp\/v2\/posts\/1257\/revisions"}],"predecessor-version":[{"id":1280,"href":"https:\/\/www.musikvereinigung-tiefenbach.de\/index.php?rest_route=\/wp\/v2\/posts\/1257\/revisions\/1280"}],"wp:featuredmedia":[{"embeddable":true,"href":"https:\/\/www.musikvereinigung-tiefenbach.de\/index.php?rest_route=\/wp\/v2\/media\/1259"}],"wp:attachment":[{"href":"https:\/\/www.musikvereinigung-tiefenbach.de\/index.php?rest_route=%2Fwp%2Fv2%2Fmedia&parent=1257"}],"wp:term":[{"taxonomy":"category","embeddable":true,"href":"https:\/\/www.musikvereinigung-tiefenbach.de\/index.php?rest_route=%2Fwp%2Fv2%2Fcategories&post=1257"},{"taxonomy":"post_tag","embeddable":true,"href":"https:\/\/www.musikvereinigung-tiefenbach.de\/index.php?rest_route=%2Fwp%2Fv2%2Ftags&post=1257"}],"curies":[{"name":"wp","href":"https:\/\/api.w.org\/{rel}","templated":true}]}}