{"id":1297,"date":"2020-05-28T15:28:05","date_gmt":"2020-05-28T13:28:05","guid":{"rendered":"https:\/\/www.musikvereinigung-tiefenbach.de\/?p=1297"},"modified":"2020-05-28T15:28:07","modified_gmt":"2020-05-28T13:28:07","slug":"absage-brotzeitabend-2020","status":"publish","type":"post","link":"https:\/\/www.musikvereinigung-tiefenbach.de\/?p=1297","title":{"rendered":"Absage Brotzeitabend 2020"},"content":{"rendered":"<p><\/p>\n<div class=\"wp-block-image\">\n<figure class=\"alignright size-large is-resized\"><img loading=\"lazy\" decoding=\"async\" src=\"https:\/\/www.musikvereinigung-tiefenbach.de\/wp-content\/uploads\/2019\/06\/2019-06-17-20-53-24-12-1024x768.jpg\" alt=\"\" class=\"wp-image-658\" width=\"256\" height=\"192\" srcset=\"https:\/\/www.musikvereinigung-tiefenbach.de\/wp-content\/uploads\/2019\/06\/2019-06-17-20-53-24-12-1024x768.jpg 1024w, https:\/\/www.musikvereinigung-tiefenbach.de\/wp-content\/uploads\/2019\/06\/2019-06-17-20-53-24-12-300x225.jpg 300w, https:\/\/www.musikvereinigung-tiefenbach.de\/wp-content\/uploads\/2019\/06\/2019-06-17-20-53-24-12-768x576.jpg 768w\" sizes=\"(max-width: 256px) 100vw, 256px\" \/><\/figure>\n<\/div>\n<p><\/p>\n<p><\/p>\n<h4 class=\"wp-block-heading\">Jetzt ist es amtlich!<\/h4>\n<p><\/p>\n<p><\/p>\n<p>Bis zum Ende haben wir gehofft, dass es im ersten Halbjahr 2020 noch eine M\u00f6glichkeit gibt den Brotzeitabend ann\u00e4hernd in gewohnter Weise durchf\u00fchren zu k\u00f6nnen.<br \/>Mit Bedauern haben wir nun die (Nicht-) Entscheidung von Lockerungen im Bereich der Blasmusik und dem damit zusammenh\u00e4ngenden Probenbetrieb aufgefasst.<\/p>\n<p><\/p>\n<p><\/p>\n<h4 class=\"wp-block-heading\">Keine Probe \u2013 keine Auftritte!<\/h4>\n<p><\/p>\n<p><\/p>\n<p>Da wir in absehbarer Zeit den Probenbetrieb nicht aufnehmen k\u00f6nnen und nach unser Auffassung der derzeitigen Bestimmungen eine Planung und Durchf\u00fchrung des Brotzeitabends nicht m\u00f6glich ist, haben wir uns gestern schweren Herzens f\u00fcr die Absage entschieden.<\/p>\n<p><\/p>\n<p><\/p>\n<p>Damit folgen wir auch der bereits schon vor Wochen getroffenen Entscheidung zur Absage des Dorffests 2020, welches traditionell vom Vereinsring Tiefenbach veranstaltet wird.<\/p>\n<p><\/p>\n<p><\/p>\n<p>Wir sind nicht unt\u00e4tig \u2013 2021 steht unser 100-j\u00e4hriges Vereinsbestehen an. Ihr d\u00fcrft gespannt sein, was wir uns f\u00fcr euch \u00fcberlegt haben!<\/p>\n<p><\/p>\n","protected":false},"excerpt":{"rendered":"<p>Jetzt ist es amtlich! Bis zum Ende haben wir gehofft, dass es im ersten Halbjahr 2020 noch eine M\u00f6glichkeit gibt den Brotzeitabend ann\u00e4hernd in gewohnter Weise durchf\u00fchren zu k\u00f6nnen.Mit Bedauern haben wir nun die (Nicht-) Entscheidung von Lockerungen im Bereich der Blasmusik und dem damit zusammenh\u00e4ngenden Probenbetrieb aufgefasst. Keine Probe \u2013 keine Auftritte! Da wir [&hellip;]<\/p>\n","protected":false},"author":1,"featured_media":612,"comment_status":"open","ping_status":"open","sticky":false,"template":"","format":"standard","meta":{"footnotes":""},"categories":[7],"tags":[],"_links":{"self":[{"href":"https:\/\/www.musikvereinigung-tiefenbach.de\/index.php?rest_route=\/wp\/v2\/posts\/1297"}],"collection":[{"href":"https:\/\/www.musikvereinigung-tiefenbach.de\/index.php?rest_route=\/wp\/v2\/posts"}],"about":[{"href":"https:\/\/www.musikvereinigung-tiefenbach.de\/index.php?rest_route=\/wp\/v2\/types\/post"}],"author":[{"embeddable":true,"href":"https:\/\/www.musikvereinigung-tiefenbach.de\/index.php?rest_route=\/wp\/v2\/users\/1"}],"replies":[{"embeddable":true,"href":"https:\/\/www.musikvereinigung-tiefenbach.de\/index.php?rest_route=%2Fwp%2Fv2%2Fcomments&post=1297"}],"version-history":[{"count":1,"href":"https:\/\/www.musikvereinigung-tiefenbach.de\/index.php?rest_route=\/wp\/v2\/posts\/1297\/revisions"}],"predecessor-version":[{"id":1298,"href":"https:\/\/www.musikvereinigung-tiefenbach.de\/index.php?rest_route=\/wp\/v2\/posts\/1297\/revisions\/1298"}],"wp:featuredmedia":[{"embeddable":true,"href":"https:\/\/www.musikvereinigung-tiefenbach.de\/index.php?rest_route=\/wp\/v2\/media\/612"}],"wp:attachment":[{"href":"https:\/\/www.musikvereinigung-tiefenbach.de\/index.php?rest_route=%2Fwp%2Fv2%2Fmedia&parent=1297"}],"wp:term":[{"taxonomy":"category","embeddable":true,"href":"https:\/\/www.musikvereinigung-tiefenbach.de\/index.php?rest_route=%2Fwp%2Fv2%2Fcategories&post=1297"},{"taxonomy":"post_tag","embeddable":true,"href":"https:\/\/www.musikvereinigung-tiefenbach.de\/index.php?rest_route=%2Fwp%2Fv2%2Ftags&post=1297"}],"curies":[{"name":"wp","href":"https:\/\/api.w.org\/{rel}","templated":true}]}}