{"id":1437,"date":"2022-05-17T21:23:25","date_gmt":"2022-05-17T19:23:25","guid":{"rendered":"https:\/\/www.musikvereinigung-tiefenbach.de\/?p=1437"},"modified":"2024-11-27T07:14:13","modified_gmt":"2024-11-27T06:14:13","slug":"jugendwerbung-fuer-jedes-alter-das-passende-programm","status":"publish","type":"post","link":"https:\/\/www.musikvereinigung-tiefenbach.de\/?p=1437","title":{"rendered":"Jugendwerbung &#8211; F\u00fcr jedes Alter ein Angebot"},"content":{"rendered":"<p><\/p>\n<figure class=\"wp-block-image alignright size-large is-resized\"><img loading=\"lazy\" decoding=\"async\" width=\"1024\" height=\"683\" src=\"https:\/\/www.musikvereinigung-tiefenbach.de\/wp-content\/uploads\/2023\/04\/iStock-1011001234-1024x683.jpg\" alt=\"\" class=\"wp-image-1554\" style=\"width:500px\" srcset=\"https:\/\/www.musikvereinigung-tiefenbach.de\/wp-content\/uploads\/2023\/04\/iStock-1011001234-1024x683.jpg 1024w, https:\/\/www.musikvereinigung-tiefenbach.de\/wp-content\/uploads\/2023\/04\/iStock-1011001234-300x200.jpg 300w, https:\/\/www.musikvereinigung-tiefenbach.de\/wp-content\/uploads\/2023\/04\/iStock-1011001234-768x512.jpg 768w, https:\/\/www.musikvereinigung-tiefenbach.de\/wp-content\/uploads\/2023\/04\/iStock-1011001234-1536x1024.jpg 1536w, https:\/\/www.musikvereinigung-tiefenbach.de\/wp-content\/uploads\/2023\/04\/iStock-1011001234-2048x1365.jpg 2048w\" sizes=\"(max-width: 1024px) 100vw, 1024px\" \/><\/figure>\n<p><\/p>\n<p><\/p>\n<p>Mit unser diesj\u00e4hrigen Kampagne zur Jugendwerbung haben wir f\u00fcr alle Altersklassen das richtige Angebot. <\/p>\n<p><\/p>\n<p><\/p>\n<p>Den musikalischen Grundstein legen wir f\u00fcr Kinder ab der 1. oder 2. Klasse. Ohne musikalische Vorkenntnisse erlernen die Sch\u00fcler das Musizieren auf der Blockfl\u00f6te. <br \/>Ab der 3. Jahrgangsstufe f\u00fchren wir unseren Nachwuchs dann Schritt f\u00fcr Schritt an ihr Wunschinstrument heran.<\/p>\n<p><\/p>\n<p><\/p>\n<p>N\u00e4here Informationen zu den Instrumenten findet ihr auf unserer Jugendseite <a href=\"https:\/\/www.musikvereinigung-tiefenbach.de\/?page_id=66\" data-type=\"page\" data-id=\"66\">hier<\/a>. Bei Fragen stehen unsere Jugendleiterinnen sehr gerne bereit.<\/p>\n<p><\/p>\n<p><\/p>\n<p class=\"has-text-align-left\"><\/p>\n<p><\/p>\n<p><\/p>\n<div style=\"height:39px\" aria-hidden=\"true\" class=\"wp-block-spacer\"><\/div>\n<p><\/p>\n<p>\n<table id=\"tablepress-2\" class=\"tablepress tablepress-id-2\">\n<tbody class=\"row-hover\">\n<tr class=\"row-1 odd\">\n\t<td class=\"column-1\"><img loading=\"lazy\" decoding=\"async\" src=\"https:\/\/www.musikvereinigung-tiefenbach.de\/wp-content\/uploads\/2019\/10\/annikakraft-300x300.png\" alt=\"\" width=\"300\" height=\"300\" class=\"alignnone size-medium wp-image-795\" srcset=\"https:\/\/www.musikvereinigung-tiefenbach.de\/wp-content\/uploads\/2019\/10\/annikakraft-300x300.png 300w, https:\/\/www.musikvereinigung-tiefenbach.de\/wp-content\/uploads\/2019\/10\/annikakraft-150x150.png 150w, https:\/\/www.musikvereinigung-tiefenbach.de\/wp-content\/uploads\/2019\/10\/annikakraft-768x768.png 768w, https:\/\/www.musikvereinigung-tiefenbach.de\/wp-content\/uploads\/2019\/10\/annikakraft-1024x1024.png 1024w, https:\/\/www.musikvereinigung-tiefenbach.de\/wp-content\/uploads\/2019\/10\/annikakraft-510x510.png 510w\" sizes=\"(max-width: 300px) 100vw, 300px\" \/><\/td><td class=\"column-2\">1. Jugendleiterin<br \/>\n<strong>Annika Sailer<\/strong><br \/>\n<br \/>\nKontakt:<br \/>\n<a href=\"mailto:1.jugendleiter@musikvereinigung-tiefenbach.de\"><strong>1.jugendleiter[@]musikvereinigung-tiefenbach.de<\/strong><\/a><br \/>\n<\/td>\n<\/tr>\n<tr class=\"row-2 even\">\n\t<td class=\"column-1\"><img loading=\"lazy\" decoding=\"async\" src=\"https:\/\/www.musikvereinigung-tiefenbach.de\/wp-content\/uploads\/2019\/10\/melaniekraft-300x300.png\" alt=\"\" width=\"300\" height=\"300\" class=\"alignnone size-medium wp-image-805\" srcset=\"https:\/\/www.musikvereinigung-tiefenbach.de\/wp-content\/uploads\/2019\/10\/melaniekraft-300x300.png 300w, https:\/\/www.musikvereinigung-tiefenbach.de\/wp-content\/uploads\/2019\/10\/melaniekraft-150x150.png 150w, https:\/\/www.musikvereinigung-tiefenbach.de\/wp-content\/uploads\/2019\/10\/melaniekraft-768x768.png 768w, https:\/\/www.musikvereinigung-tiefenbach.de\/wp-content\/uploads\/2019\/10\/melaniekraft-1024x1024.png 1024w, https:\/\/www.musikvereinigung-tiefenbach.de\/wp-content\/uploads\/2019\/10\/melaniekraft-510x510.png 510w\" sizes=\"(max-width: 300px) 100vw, 300px\" \/><\/td><td class=\"column-2\">2. Jugendleiterin<br \/>\n<strong>Melanie Wiker<\/strong><br \/>\n<br \/>\nKontakt:<br \/>\n<a href=\"mailto:2.jugendleiter@musikvereinigung-tiefenbach.de\"><strong>2.jugendleiter[@]musikvereinigung-tiefenbach.de<\/strong><\/a><br \/>\n<\/td>\n<\/tr>\n<\/tbody>\n<\/table>\n<!-- #tablepress-2 from cache -->\n<\/p>\n<p><\/p>\n<figure class=\"wp-block-image size-full\"><img loading=\"lazy\" decoding=\"async\" width=\"2000\" height=\"1426\" src=\"https:\/\/www.musikvereinigung-tiefenbach.de\/wp-content\/uploads\/2023\/04\/230404-Jugendwerbung-DIN-A4-303-\u00d7-216-mm-2.png\" alt=\"\" class=\"wp-image-1552\" srcset=\"https:\/\/www.musikvereinigung-tiefenbach.de\/wp-content\/uploads\/2023\/04\/230404-Jugendwerbung-DIN-A4-303-\u00d7-216-mm-2.png 2000w, https:\/\/www.musikvereinigung-tiefenbach.de\/wp-content\/uploads\/2023\/04\/230404-Jugendwerbung-DIN-A4-303-\u00d7-216-mm-2-300x214.png 300w, https:\/\/www.musikvereinigung-tiefenbach.de\/wp-content\/uploads\/2023\/04\/230404-Jugendwerbung-DIN-A4-303-\u00d7-216-mm-2-1024x730.png 1024w, https:\/\/www.musikvereinigung-tiefenbach.de\/wp-content\/uploads\/2023\/04\/230404-Jugendwerbung-DIN-A4-303-\u00d7-216-mm-2-768x548.png 768w, https:\/\/www.musikvereinigung-tiefenbach.de\/wp-content\/uploads\/2023\/04\/230404-Jugendwerbung-DIN-A4-303-\u00d7-216-mm-2-1536x1095.png 1536w\" sizes=\"(max-width: 2000px) 100vw, 2000px\" \/><\/figure>\n<p><\/p>\n<p><\/p>\n<figure class=\"wp-block-image size-full\"><img loading=\"lazy\" decoding=\"async\" width=\"2000\" height=\"1426\" src=\"https:\/\/www.musikvereinigung-tiefenbach.de\/wp-content\/uploads\/2023\/04\/230404-Jugendwerbung-DIN-A4-303-\u00d7-216-mm-1.png\" alt=\"\" class=\"wp-image-1551\" srcset=\"https:\/\/www.musikvereinigung-tiefenbach.de\/wp-content\/uploads\/2023\/04\/230404-Jugendwerbung-DIN-A4-303-\u00d7-216-mm-1.png 2000w, https:\/\/www.musikvereinigung-tiefenbach.de\/wp-content\/uploads\/2023\/04\/230404-Jugendwerbung-DIN-A4-303-\u00d7-216-mm-1-300x214.png 300w, https:\/\/www.musikvereinigung-tiefenbach.de\/wp-content\/uploads\/2023\/04\/230404-Jugendwerbung-DIN-A4-303-\u00d7-216-mm-1-1024x730.png 1024w, https:\/\/www.musikvereinigung-tiefenbach.de\/wp-content\/uploads\/2023\/04\/230404-Jugendwerbung-DIN-A4-303-\u00d7-216-mm-1-768x548.png 768w, https:\/\/www.musikvereinigung-tiefenbach.de\/wp-content\/uploads\/2023\/04\/230404-Jugendwerbung-DIN-A4-303-\u00d7-216-mm-1-1536x1095.png 1536w\" sizes=\"(max-width: 2000px) 100vw, 2000px\" \/><\/figure>\n<p><\/p>\n","protected":false},"excerpt":{"rendered":"<p>Mit unser diesj\u00e4hrigen Kampagne zur Jugendwerbung haben wir f\u00fcr alle Altersklassen das richtige Angebot. Den musikalischen Grundstein legen wir f\u00fcr Kinder ab der 1. oder 2. Klasse. Ohne musikalische Vorkenntnisse erlernen die Sch\u00fcler das Musizieren auf der Blockfl\u00f6te. Ab der 3. Jahrgangsstufe f\u00fchren wir unseren Nachwuchs dann Schritt f\u00fcr Schritt an ihr Wunschinstrument heran. N\u00e4here [&hellip;]<\/p>\n","protected":false},"author":1,"featured_media":0,"comment_status":"open","ping_status":"open","sticky":false,"template":"","format":"standard","meta":{"footnotes":""},"categories":[7],"tags":[],"_links":{"self":[{"href":"https:\/\/www.musikvereinigung-tiefenbach.de\/index.php?rest_route=\/wp\/v2\/posts\/1437"}],"collection":[{"href":"https:\/\/www.musikvereinigung-tiefenbach.de\/index.php?rest_route=\/wp\/v2\/posts"}],"about":[{"href":"https:\/\/www.musikvereinigung-tiefenbach.de\/index.php?rest_route=\/wp\/v2\/types\/post"}],"author":[{"embeddable":true,"href":"https:\/\/www.musikvereinigung-tiefenbach.de\/index.php?rest_route=\/wp\/v2\/users\/1"}],"replies":[{"embeddable":true,"href":"https:\/\/www.musikvereinigung-tiefenbach.de\/index.php?rest_route=%2Fwp%2Fv2%2Fcomments&post=1437"}],"version-history":[{"count":13,"href":"https:\/\/www.musikvereinigung-tiefenbach.de\/index.php?rest_route=\/wp\/v2\/posts\/1437\/revisions"}],"predecessor-version":[{"id":1612,"href":"https:\/\/www.musikvereinigung-tiefenbach.de\/index.php?rest_route=\/wp\/v2\/posts\/1437\/revisions\/1612"}],"wp:attachment":[{"href":"https:\/\/www.musikvereinigung-tiefenbach.de\/index.php?rest_route=%2Fwp%2Fv2%2Fmedia&parent=1437"}],"wp:term":[{"taxonomy":"category","embeddable":true,"href":"https:\/\/www.musikvereinigung-tiefenbach.de\/index.php?rest_route=%2Fwp%2Fv2%2Fcategories&post=1437"},{"taxonomy":"post_tag","embeddable":true,"href":"https:\/\/www.musikvereinigung-tiefenbach.de\/index.php?rest_route=%2Fwp%2Fv2%2Ftags&post=1437"}],"curies":[{"name":"wp","href":"https:\/\/api.w.org\/{rel}","templated":true}]}}