{"id":1512,"date":"2023-02-27T18:50:54","date_gmt":"2023-02-27T17:50:54","guid":{"rendered":"https:\/\/www.musikvereinigung-tiefenbach.de\/?p=1512"},"modified":"2023-02-27T22:47:29","modified_gmt":"2023-02-27T21:47:29","slug":"generalversammlung-2023","status":"publish","type":"post","link":"https:\/\/www.musikvereinigung-tiefenbach.de\/?p=1512","title":{"rendered":"Generalversammlung 2023"},"content":{"rendered":"<p><\/p>\n<div class=\"wp-block-image\">\n<figure class=\"alignright size-large is-resized\"><img loading=\"lazy\" decoding=\"async\" src=\"https:\/\/www.musikvereinigung-tiefenbach.de\/wp-content\/uploads\/2023\/02\/2023_Generalversammlung-12-768x1024.png\" alt=\"\" class=\"wp-image-1515\" width=\"480\" height=\"641\" srcset=\"https:\/\/www.musikvereinigung-tiefenbach.de\/wp-content\/uploads\/2023\/02\/2023_Generalversammlung-12-768x1024.png 768w, https:\/\/www.musikvereinigung-tiefenbach.de\/wp-content\/uploads\/2023\/02\/2023_Generalversammlung-12-225x300.png 225w, https:\/\/www.musikvereinigung-tiefenbach.de\/wp-content\/uploads\/2023\/02\/2023_Generalversammlung-12-1152x1536.png 1152w, https:\/\/www.musikvereinigung-tiefenbach.de\/wp-content\/uploads\/2023\/02\/2023_Generalversammlung-12-1536x2048.png 1536w\" sizes=\"(max-width: 480px) 100vw, 480px\" \/><figcaption>Marita Kaiser \u00fcberreicht Hubert B\u00f6ck die Auszeichnung f\u00fcr 50 Jahre aktive T\u00e4tigkeit<\/figcaption><\/figure>\n<\/div>\n<p><\/p>\n<p><\/p>\n<p>Im alten Turnus konnten wir am Freitag den 24.02.2023 zu Jahresbeginn unsere Generalversammlung abhalten. Wie auch schon bei der au\u00dferplanm\u00e4\u00dfigen <a href=\"https:\/\/www.musikvereinigung-tiefenbach.de\/?p=1464\" data-type=\"post\" data-id=\"1464\">Versammlung Ende 2022<\/a>, waren wir auch dieses Mal wieder bei der Freiwilligen Feuerwehr Tiefenbach zu Gast. <br \/>Neben den allj\u00e4hrlichen Berichten der <a href=\"https:\/\/www.musikvereinigung-tiefenbach.de\/?page_id=36\" data-type=\"page\" data-id=\"36\">Vereinsfunktion\u00e4re<\/a> konnte vor allem die Jugendleiterin Annika Kraft Fortschritte und erste Fr\u00fcchte der Jugendarbeit nach der Pandemie-Zeit verk\u00fcnden. Kassiererin Bettina Krause best\u00e4tigte den Anwesenden Mitgliedern und G\u00e4ste eine solide finanzielle Situation des Vereins. Sebastian Miller und Jonas Miller konnten sich im Rahmen der Kassenpr\u00fcfung davon ein Bild machen und wurden sogleich von der Versammlung zu Kassenpr\u00fcfern gew\u00e4hlt. <\/p>\n<p><\/p>\n<p><\/p>\n<p>H\u00f6hepunkte des Abends waren die Ehrungen langj\u00e4hrig aktiver Mitglieder. Endlich konnten wir die 2020 krankheitsbedingt ausgefallene und anschlie\u00dfende pandemiebedingt nicht m\u00f6gliche Ehrung f\u00fcr 50 Jahre aktives Musizieren unserem Hubert B\u00f6ck \u00fcberreichen. Hubert hat u.a. in diesem halben Jahrhundert ma\u00dfgebend als langj\u00e4hriger Vorstand des Vereins dessen Geschichte bereichert. Marita Kaiser, stellvertretend f\u00fcr den Allg\u00e4u-Schw\u00e4bischen-Musikbund, Wolfgang Ostermann f\u00fcr die Stadt Illertissen und Ewald Ott im Namen des Vereinsrings konnten ebenfalls ihre Gl\u00fcckw\u00fcnsche \u00fcberbringen.<\/p>\n<p><\/p>\n<p><\/p>\n<p>F\u00fcr 30-j\u00e4hriges Musizieren konnten wir Bettina Krause, Manuela Rehmann und Regina Mayer ehren. Allesamt beteiligen sich aktiv in der Vorstandschaft neben der reinen musikalischen Leistung. Fabian Sailer blickt bereits auf 20 Jahre Zugeh\u00f6rigkeit, Julia B\u00f6ck, Annika Kraft beide 15 Jahre und Jonas Miller auf 10 Jahre zur\u00fcck.<\/p>\n<p><\/p>\n<p><\/p>\n<p>Traditionell lassen wir die Veranstaltung mit einer z\u00fcnftigen Brotzeit ausklingen und konnten dabei im Rahmen eines Bildervortrags in alten Erinnerungen schwelgen. <\/p>\n<p><\/p>\n<p><\/p>\n<div style=\"height:100px\" aria-hidden=\"true\" class=\"wp-block-spacer\"><\/div>\n<p><\/p>\n<p><\/p>\n<figure class=\"wp-block-gallery columns-4 is-cropped wp-block-gallery-1 is-layout-flex wp-block-gallery-is-layout-flex\">\n<ul class=\"blocks-gallery-grid\">\n<li class=\"blocks-gallery-item\">\n<figure><a href=\"https:\/\/www.musikvereinigung-tiefenbach.de\/wp-content\/uploads\/2023\/02\/2023_Generalversammlung-3-1024x768.png\"><img loading=\"lazy\" decoding=\"async\" width=\"1024\" height=\"768\" src=\"https:\/\/www.musikvereinigung-tiefenbach.de\/wp-content\/uploads\/2023\/02\/2023_Generalversammlung-3-1024x768.png\" alt=\"\" data-id=\"1522\" data-link=\"https:\/\/www.musikvereinigung-tiefenbach.de\/?attachment_id=1522\" class=\"wp-image-1522\" srcset=\"https:\/\/www.musikvereinigung-tiefenbach.de\/wp-content\/uploads\/2023\/02\/2023_Generalversammlung-3-1024x768.png 1024w, https:\/\/www.musikvereinigung-tiefenbach.de\/wp-content\/uploads\/2023\/02\/2023_Generalversammlung-3-300x225.png 300w, https:\/\/www.musikvereinigung-tiefenbach.de\/wp-content\/uploads\/2023\/02\/2023_Generalversammlung-3-768x576.png 768w, https:\/\/www.musikvereinigung-tiefenbach.de\/wp-content\/uploads\/2023\/02\/2023_Generalversammlung-3-1536x1152.png 1536w, https:\/\/www.musikvereinigung-tiefenbach.de\/wp-content\/uploads\/2023\/02\/2023_Generalversammlung-3-2048x1536.png 2048w\" sizes=\"(max-width: 1024px) 100vw, 1024px\" \/><\/a><\/figure>\n<\/li>\n<li class=\"blocks-gallery-item\">\n<figure><a href=\"https:\/\/www.musikvereinigung-tiefenbach.de\/wp-content\/uploads\/2023\/02\/2023_Generalversammlung-2.png\"><img loading=\"lazy\" decoding=\"async\" width=\"1024\" height=\"768\" src=\"https:\/\/www.musikvereinigung-tiefenbach.de\/wp-content\/uploads\/2023\/02\/2023_Generalversammlung-2-1024x768.png\" alt=\"\" data-id=\"1532\" data-full-url=\"https:\/\/www.musikvereinigung-tiefenbach.de\/wp-content\/uploads\/2023\/02\/2023_Generalversammlung-2.png\" data-link=\"https:\/\/www.musikvereinigung-tiefenbach.de\/?attachment_id=1532\" class=\"wp-image-1532\" srcset=\"https:\/\/www.musikvereinigung-tiefenbach.de\/wp-content\/uploads\/2023\/02\/2023_Generalversammlung-2-1024x768.png 1024w, https:\/\/www.musikvereinigung-tiefenbach.de\/wp-content\/uploads\/2023\/02\/2023_Generalversammlung-2-300x225.png 300w, https:\/\/www.musikvereinigung-tiefenbach.de\/wp-content\/uploads\/2023\/02\/2023_Generalversammlung-2-768x576.png 768w, https:\/\/www.musikvereinigung-tiefenbach.de\/wp-content\/uploads\/2023\/02\/2023_Generalversammlung-2-1536x1152.png 1536w, https:\/\/www.musikvereinigung-tiefenbach.de\/wp-content\/uploads\/2023\/02\/2023_Generalversammlung-2-2048x1536.png 2048w\" sizes=\"(max-width: 1024px) 100vw, 1024px\" \/><\/a><\/figure>\n<\/li>\n<li class=\"blocks-gallery-item\">\n<figure><a href=\"https:\/\/www.musikvereinigung-tiefenbach.de\/wp-content\/uploads\/2023\/02\/2023_Generalversammlung-24-1024x768.png\"><img loading=\"lazy\" decoding=\"async\" width=\"1024\" height=\"768\" src=\"https:\/\/www.musikvereinigung-tiefenbach.de\/wp-content\/uploads\/2023\/02\/2023_Generalversammlung-24-1024x768.png\" alt=\"\" data-id=\"1523\" data-link=\"https:\/\/www.musikvereinigung-tiefenbach.de\/?attachment_id=1523\" class=\"wp-image-1523\" srcset=\"https:\/\/www.musikvereinigung-tiefenbach.de\/wp-content\/uploads\/2023\/02\/2023_Generalversammlung-24-1024x768.png 1024w, https:\/\/www.musikvereinigung-tiefenbach.de\/wp-content\/uploads\/2023\/02\/2023_Generalversammlung-24-300x225.png 300w, https:\/\/www.musikvereinigung-tiefenbach.de\/wp-content\/uploads\/2023\/02\/2023_Generalversammlung-24-768x576.png 768w, https:\/\/www.musikvereinigung-tiefenbach.de\/wp-content\/uploads\/2023\/02\/2023_Generalversammlung-24-1536x1152.png 1536w, https:\/\/www.musikvereinigung-tiefenbach.de\/wp-content\/uploads\/2023\/02\/2023_Generalversammlung-24-2048x1536.png 2048w\" sizes=\"(max-width: 1024px) 100vw, 1024px\" \/><\/a><\/figure>\n<\/li>\n<li class=\"blocks-gallery-item\">\n<figure><a href=\"https:\/\/www.musikvereinigung-tiefenbach.de\/wp-content\/uploads\/2023\/02\/2023_Generalversammlung-37-1024x768.png\"><img loading=\"lazy\" decoding=\"async\" width=\"1024\" height=\"768\" src=\"https:\/\/www.musikvereinigung-tiefenbach.de\/wp-content\/uploads\/2023\/02\/2023_Generalversammlung-37-1024x768.png\" alt=\"\" data-id=\"1524\" data-link=\"https:\/\/www.musikvereinigung-tiefenbach.de\/?attachment_id=1524\" class=\"wp-image-1524\" srcset=\"https:\/\/www.musikvereinigung-tiefenbach.de\/wp-content\/uploads\/2023\/02\/2023_Generalversammlung-37-1024x768.png 1024w, https:\/\/www.musikvereinigung-tiefenbach.de\/wp-content\/uploads\/2023\/02\/2023_Generalversammlung-37-300x225.png 300w, https:\/\/www.musikvereinigung-tiefenbach.de\/wp-content\/uploads\/2023\/02\/2023_Generalversammlung-37-768x576.png 768w, https:\/\/www.musikvereinigung-tiefenbach.de\/wp-content\/uploads\/2023\/02\/2023_Generalversammlung-37-1536x1152.png 1536w, https:\/\/www.musikvereinigung-tiefenbach.de\/wp-content\/uploads\/2023\/02\/2023_Generalversammlung-37-2048x1536.png 2048w\" sizes=\"(max-width: 1024px) 100vw, 1024px\" \/><\/a><\/figure>\n<\/li>\n<li class=\"blocks-gallery-item\">\n<figure><a href=\"https:\/\/www.musikvereinigung-tiefenbach.de\/wp-content\/uploads\/2023\/02\/2023_Generalversammlung-48-1024x768.png\"><img loading=\"lazy\" decoding=\"async\" width=\"1024\" height=\"768\" src=\"https:\/\/www.musikvereinigung-tiefenbach.de\/wp-content\/uploads\/2023\/02\/2023_Generalversammlung-48-1024x768.png\" alt=\"\" data-id=\"1525\" data-link=\"https:\/\/www.musikvereinigung-tiefenbach.de\/?attachment_id=1525\" class=\"wp-image-1525\" srcset=\"https:\/\/www.musikvereinigung-tiefenbach.de\/wp-content\/uploads\/2023\/02\/2023_Generalversammlung-48-1024x768.png 1024w, https:\/\/www.musikvereinigung-tiefenbach.de\/wp-content\/uploads\/2023\/02\/2023_Generalversammlung-48-300x225.png 300w, https:\/\/www.musikvereinigung-tiefenbach.de\/wp-content\/uploads\/2023\/02\/2023_Generalversammlung-48-768x576.png 768w, https:\/\/www.musikvereinigung-tiefenbach.de\/wp-content\/uploads\/2023\/02\/2023_Generalversammlung-48-1536x1152.png 1536w, https:\/\/www.musikvereinigung-tiefenbach.de\/wp-content\/uploads\/2023\/02\/2023_Generalversammlung-48-2048x1536.png 2048w\" sizes=\"(max-width: 1024px) 100vw, 1024px\" \/><\/a><\/figure>\n<\/li>\n<li class=\"blocks-gallery-item\">\n<figure><a href=\"https:\/\/www.musikvereinigung-tiefenbach.de\/wp-content\/uploads\/2023\/02\/2023_Generalversammlung-68-1024x768.png\"><img loading=\"lazy\" decoding=\"async\" width=\"1024\" height=\"768\" src=\"https:\/\/www.musikvereinigung-tiefenbach.de\/wp-content\/uploads\/2023\/02\/2023_Generalversammlung-68-1024x768.png\" alt=\"\" data-id=\"1526\" data-link=\"https:\/\/www.musikvereinigung-tiefenbach.de\/?attachment_id=1526\" class=\"wp-image-1526\" srcset=\"https:\/\/www.musikvereinigung-tiefenbach.de\/wp-content\/uploads\/2023\/02\/2023_Generalversammlung-68-1024x768.png 1024w, https:\/\/www.musikvereinigung-tiefenbach.de\/wp-content\/uploads\/2023\/02\/2023_Generalversammlung-68-300x225.png 300w, https:\/\/www.musikvereinigung-tiefenbach.de\/wp-content\/uploads\/2023\/02\/2023_Generalversammlung-68-768x576.png 768w, https:\/\/www.musikvereinigung-tiefenbach.de\/wp-content\/uploads\/2023\/02\/2023_Generalversammlung-68-1536x1152.png 1536w, https:\/\/www.musikvereinigung-tiefenbach.de\/wp-content\/uploads\/2023\/02\/2023_Generalversammlung-68-2048x1536.png 2048w\" sizes=\"(max-width: 1024px) 100vw, 1024px\" \/><\/a><\/figure>\n<\/li>\n<li class=\"blocks-gallery-item\">\n<figure><a href=\"https:\/\/www.musikvereinigung-tiefenbach.de\/wp-content\/uploads\/2023\/02\/2023_Generalversammlung-78-1024x768.png\"><img loading=\"lazy\" decoding=\"async\" width=\"1024\" height=\"768\" src=\"https:\/\/www.musikvereinigung-tiefenbach.de\/wp-content\/uploads\/2023\/02\/2023_Generalversammlung-78-1024x768.png\" alt=\"\" data-id=\"1527\" data-link=\"https:\/\/www.musikvereinigung-tiefenbach.de\/?attachment_id=1527\" class=\"wp-image-1527\" srcset=\"https:\/\/www.musikvereinigung-tiefenbach.de\/wp-content\/uploads\/2023\/02\/2023_Generalversammlung-78-1024x768.png 1024w, https:\/\/www.musikvereinigung-tiefenbach.de\/wp-content\/uploads\/2023\/02\/2023_Generalversammlung-78-300x225.png 300w, https:\/\/www.musikvereinigung-tiefenbach.de\/wp-content\/uploads\/2023\/02\/2023_Generalversammlung-78-768x576.png 768w, https:\/\/www.musikvereinigung-tiefenbach.de\/wp-content\/uploads\/2023\/02\/2023_Generalversammlung-78-1536x1152.png 1536w, https:\/\/www.musikvereinigung-tiefenbach.de\/wp-content\/uploads\/2023\/02\/2023_Generalversammlung-78-2048x1536.png 2048w\" sizes=\"(max-width: 1024px) 100vw, 1024px\" \/><\/a><\/figure>\n<\/li>\n<li class=\"blocks-gallery-item\">\n<figure><a href=\"https:\/\/www.musikvereinigung-tiefenbach.de\/wp-content\/uploads\/2023\/02\/2023_Generalversammlung-81-1024x768.png\"><img loading=\"lazy\" decoding=\"async\" width=\"1024\" height=\"768\" src=\"https:\/\/www.musikvereinigung-tiefenbach.de\/wp-content\/uploads\/2023\/02\/2023_Generalversammlung-81-1024x768.png\" alt=\"\" data-id=\"1528\" data-link=\"https:\/\/www.musikvereinigung-tiefenbach.de\/?attachment_id=1528\" class=\"wp-image-1528\" srcset=\"https:\/\/www.musikvereinigung-tiefenbach.de\/wp-content\/uploads\/2023\/02\/2023_Generalversammlung-81-1024x768.png 1024w, https:\/\/www.musikvereinigung-tiefenbach.de\/wp-content\/uploads\/2023\/02\/2023_Generalversammlung-81-300x225.png 300w, https:\/\/www.musikvereinigung-tiefenbach.de\/wp-content\/uploads\/2023\/02\/2023_Generalversammlung-81-768x576.png 768w, https:\/\/www.musikvereinigung-tiefenbach.de\/wp-content\/uploads\/2023\/02\/2023_Generalversammlung-81-1536x1152.png 1536w, https:\/\/www.musikvereinigung-tiefenbach.de\/wp-content\/uploads\/2023\/02\/2023_Generalversammlung-81-2048x1536.png 2048w\" sizes=\"(max-width: 1024px) 100vw, 1024px\" \/><\/a><\/figure>\n<\/li>\n<li class=\"blocks-gallery-item\">\n<figure><a href=\"https:\/\/www.musikvereinigung-tiefenbach.de\/wp-content\/uploads\/2023\/02\/2023_Generalversammlung-99-1024x768.png\"><img loading=\"lazy\" decoding=\"async\" width=\"1024\" height=\"768\" src=\"https:\/\/www.musikvereinigung-tiefenbach.de\/wp-content\/uploads\/2023\/02\/2023_Generalversammlung-99-1024x768.png\" alt=\"\" data-id=\"1529\" data-link=\"https:\/\/www.musikvereinigung-tiefenbach.de\/?attachment_id=1529\" class=\"wp-image-1529\" srcset=\"https:\/\/www.musikvereinigung-tiefenbach.de\/wp-content\/uploads\/2023\/02\/2023_Generalversammlung-99-1024x768.png 1024w, https:\/\/www.musikvereinigung-tiefenbach.de\/wp-content\/uploads\/2023\/02\/2023_Generalversammlung-99-300x225.png 300w, https:\/\/www.musikvereinigung-tiefenbach.de\/wp-content\/uploads\/2023\/02\/2023_Generalversammlung-99-768x576.png 768w, https:\/\/www.musikvereinigung-tiefenbach.de\/wp-content\/uploads\/2023\/02\/2023_Generalversammlung-99-1536x1152.png 1536w, https:\/\/www.musikvereinigung-tiefenbach.de\/wp-content\/uploads\/2023\/02\/2023_Generalversammlung-99-2048x1536.png 2048w\" sizes=\"(max-width: 1024px) 100vw, 1024px\" \/><\/a><\/figure>\n<\/li>\n<li class=\"blocks-gallery-item\">\n<figure><a href=\"https:\/\/www.musikvereinigung-tiefenbach.de\/wp-content\/uploads\/2023\/02\/2023_Generalversammlung-109-1-1024x768.png\"><img loading=\"lazy\" decoding=\"async\" width=\"1024\" height=\"768\" src=\"https:\/\/www.musikvereinigung-tiefenbach.de\/wp-content\/uploads\/2023\/02\/2023_Generalversammlung-109-1-1024x768.png\" alt=\"\" data-id=\"1530\" data-link=\"https:\/\/www.musikvereinigung-tiefenbach.de\/?attachment_id=1530\" class=\"wp-image-1530\" srcset=\"https:\/\/www.musikvereinigung-tiefenbach.de\/wp-content\/uploads\/2023\/02\/2023_Generalversammlung-109-1-1024x768.png 1024w, https:\/\/www.musikvereinigung-tiefenbach.de\/wp-content\/uploads\/2023\/02\/2023_Generalversammlung-109-1-300x225.png 300w, https:\/\/www.musikvereinigung-tiefenbach.de\/wp-content\/uploads\/2023\/02\/2023_Generalversammlung-109-1-768x576.png 768w, https:\/\/www.musikvereinigung-tiefenbach.de\/wp-content\/uploads\/2023\/02\/2023_Generalversammlung-109-1-1536x1152.png 1536w, https:\/\/www.musikvereinigung-tiefenbach.de\/wp-content\/uploads\/2023\/02\/2023_Generalversammlung-109-1-2048x1536.png 2048w\" sizes=\"(max-width: 1024px) 100vw, 1024px\" \/><\/a><\/figure>\n<\/li>\n<\/ul>\n<\/figure>\n<p><\/p>\n","protected":false},"excerpt":{"rendered":"<p>Im alten Turnus konnten wir am Freitag den 24.02.2023 zu Jahresbeginn unsere Generalversammlung abhalten. Wie auch schon bei der au\u00dferplanm\u00e4\u00dfigen Versammlung Ende 2022, waren wir auch dieses Mal wieder bei der Freiwilligen Feuerwehr Tiefenbach zu Gast. Neben den allj\u00e4hrlichen Berichten der Vereinsfunktion\u00e4re konnte vor allem die Jugendleiterin Annika Kraft Fortschritte und erste Fr\u00fcchte der Jugendarbeit [&hellip;]<\/p>\n","protected":false},"author":1,"featured_media":0,"comment_status":"open","ping_status":"open","sticky":false,"template":"","format":"standard","meta":{"footnotes":""},"categories":[7],"tags":[],"_links":{"self":[{"href":"https:\/\/www.musikvereinigung-tiefenbach.de\/index.php?rest_route=\/wp\/v2\/posts\/1512"}],"collection":[{"href":"https:\/\/www.musikvereinigung-tiefenbach.de\/index.php?rest_route=\/wp\/v2\/posts"}],"about":[{"href":"https:\/\/www.musikvereinigung-tiefenbach.de\/index.php?rest_route=\/wp\/v2\/types\/post"}],"author":[{"embeddable":true,"href":"https:\/\/www.musikvereinigung-tiefenbach.de\/index.php?rest_route=\/wp\/v2\/users\/1"}],"replies":[{"embeddable":true,"href":"https:\/\/www.musikvereinigung-tiefenbach.de\/index.php?rest_route=%2Fwp%2Fv2%2Fcomments&post=1512"}],"version-history":[{"count":8,"href":"https:\/\/www.musikvereinigung-tiefenbach.de\/index.php?rest_route=\/wp\/v2\/posts\/1512\/revisions"}],"predecessor-version":[{"id":1534,"href":"https:\/\/www.musikvereinigung-tiefenbach.de\/index.php?rest_route=\/wp\/v2\/posts\/1512\/revisions\/1534"}],"wp:attachment":[{"href":"https:\/\/www.musikvereinigung-tiefenbach.de\/index.php?rest_route=%2Fwp%2Fv2%2Fmedia&parent=1512"}],"wp:term":[{"taxonomy":"category","embeddable":true,"href":"https:\/\/www.musikvereinigung-tiefenbach.de\/index.php?rest_route=%2Fwp%2Fv2%2Fcategories&post=1512"},{"taxonomy":"post_tag","embeddable":true,"href":"https:\/\/www.musikvereinigung-tiefenbach.de\/index.php?rest_route=%2Fwp%2Fv2%2Ftags&post=1512"}],"curies":[{"name":"wp","href":"https:\/\/api.w.org\/{rel}","templated":true}]}}