{"id":156,"date":"2019-01-17T22:05:21","date_gmt":"2019-01-17T22:05:21","guid":{"rendered":"http:\/\/wp.musikvereinigung-tiefenbach.de\/?p=156"},"modified":"2019-01-21T22:10:31","modified_gmt":"2019-01-21T22:10:31","slug":"bericht-zur-weihnachtsfeier-2018","status":"publish","type":"post","link":"https:\/\/www.musikvereinigung-tiefenbach.de\/?p=156","title":{"rendered":"Bericht zur Weihnachtsfeier 2018"},"content":{"rendered":"<p><\/p>\n<h2 class=\"wp-block-heading\">Gratulation zur bestandenen Bl\u00e4serpr\u00fcfung<\/h2>\n<p><\/p>\n<p><\/p>\n<p>Am 24.November kamen wir im Rahmen unser allj\u00e4hrlichen Weihnachtsfeier im Proberaum des Bgm.-Erwin-B\u00fcrzle Hauses in Tiefenbach zusammen. Erstmalig fand die Feier wieder im Rahmen einer abendlichen Veranstaltung gemeinsam mit aktiven Musikern, Jungmusikern und unseren f\u00f6rdernden Mitglieder statt.<br \/>Besonders freut uns, dass unsere Jungmusiker unter der Leitung von Stefanie Gr\u00f6ger gemeinsam ihr musikalisches K\u00f6nnen zum Besten geben konnten.<\/p>\n<p><\/p>\n<p><\/p>\n<p>Eindr\u00fccke des Abends gibt&#8217;s hier:<br \/><a href=\"https:\/\/www.musikvereinigung-tiefenbach.de\/?p=154\">Bildergalerie zur Generalversammlung 2018 &#8230;<\/a><\/p>\n<p><\/p>\n<p><\/p>\n<p>Levin Zimprich erhielt sein bronzenes Bl\u00e4serabzeichen, welches das Bestehen der Bl\u00e4serpr\u00fcfung D1 in Theorie und Praxis bedingt. Wir gratulieren unserem Levin hiermit nochmals. Mach weiter so! <\/p>\n<p><\/p>\n<p><\/p>\n<figure class=\"wp-block-image\"><img loading=\"lazy\" decoding=\"async\" width=\"1024\" height=\"768\" src=\"http:\/\/wp.musikvereinigung-tiefenbach.de\/wp-content\/uploads\/2019\/01\/img_0101-1024x768.jpg\" alt=\"\" class=\"wp-image-148\" srcset=\"https:\/\/www.musikvereinigung-tiefenbach.de\/wp-content\/uploads\/2019\/01\/img_0101-1024x768.jpg 1024w, https:\/\/www.musikvereinigung-tiefenbach.de\/wp-content\/uploads\/2019\/01\/img_0101-300x225.jpg 300w, https:\/\/www.musikvereinigung-tiefenbach.de\/wp-content\/uploads\/2019\/01\/img_0101-768x576.jpg 768w\" sizes=\"(max-width: 1024px) 100vw, 1024px\" \/><figcaption>Jugendleiterin Julia Hentschel, Vorstand Raphael Sedlak und Stefanie Gr\u00f6ger gratulieren Levin Zimprich zur bestandenen Bl\u00e4serpr\u00fcfung.<\/figcaption><\/figure>\n<p><\/p>\n<p><\/p>\n<p><\/p>\n","protected":false},"excerpt":{"rendered":"<p>Gratulation zur bestandenen Bl\u00e4serpr\u00fcfung Am 24.November kamen wir im Rahmen unser allj\u00e4hrlichen Weihnachtsfeier im Proberaum des Bgm.-Erwin-B\u00fcrzle Hauses in Tiefenbach zusammen. Erstmalig fand die Feier wieder im Rahmen einer abendlichen Veranstaltung gemeinsam mit aktiven Musikern, Jungmusikern und unseren f\u00f6rdernden Mitglieder statt.Besonders freut uns, dass unsere Jungmusiker unter der Leitung von Stefanie Gr\u00f6ger gemeinsam ihr musikalisches [&hellip;]<\/p>\n","protected":false},"author":1,"featured_media":148,"comment_status":"open","ping_status":"open","sticky":false,"template":"","format":"standard","meta":{"footnotes":""},"categories":[7],"tags":[],"_links":{"self":[{"href":"https:\/\/www.musikvereinigung-tiefenbach.de\/index.php?rest_route=\/wp\/v2\/posts\/156"}],"collection":[{"href":"https:\/\/www.musikvereinigung-tiefenbach.de\/index.php?rest_route=\/wp\/v2\/posts"}],"about":[{"href":"https:\/\/www.musikvereinigung-tiefenbach.de\/index.php?rest_route=\/wp\/v2\/types\/post"}],"author":[{"embeddable":true,"href":"https:\/\/www.musikvereinigung-tiefenbach.de\/index.php?rest_route=\/wp\/v2\/users\/1"}],"replies":[{"embeddable":true,"href":"https:\/\/www.musikvereinigung-tiefenbach.de\/index.php?rest_route=%2Fwp%2Fv2%2Fcomments&post=156"}],"version-history":[{"count":5,"href":"https:\/\/www.musikvereinigung-tiefenbach.de\/index.php?rest_route=\/wp\/v2\/posts\/156\/revisions"}],"predecessor-version":[{"id":273,"href":"https:\/\/www.musikvereinigung-tiefenbach.de\/index.php?rest_route=\/wp\/v2\/posts\/156\/revisions\/273"}],"wp:featuredmedia":[{"embeddable":true,"href":"https:\/\/www.musikvereinigung-tiefenbach.de\/index.php?rest_route=\/wp\/v2\/media\/148"}],"wp:attachment":[{"href":"https:\/\/www.musikvereinigung-tiefenbach.de\/index.php?rest_route=%2Fwp%2Fv2%2Fmedia&parent=156"}],"wp:term":[{"taxonomy":"category","embeddable":true,"href":"https:\/\/www.musikvereinigung-tiefenbach.de\/index.php?rest_route=%2Fwp%2Fv2%2Fcategories&post=156"},{"taxonomy":"post_tag","embeddable":true,"href":"https:\/\/www.musikvereinigung-tiefenbach.de\/index.php?rest_route=%2Fwp%2Fv2%2Ftags&post=156"}],"curies":[{"name":"wp","href":"https:\/\/api.w.org\/{rel}","templated":true}]}}