{"id":1625,"date":"2025-01-30T21:40:10","date_gmt":"2025-01-30T20:40:10","guid":{"rendered":"https:\/\/www.musikvereinigung-tiefenbach.de\/?p=1625"},"modified":"2025-01-30T21:46:01","modified_gmt":"2025-01-30T20:46:01","slug":"generalversammlung-2025","status":"publish","type":"post","link":"https:\/\/www.musikvereinigung-tiefenbach.de\/?p=1625","title":{"rendered":"Generalversammlung 2025"},"content":{"rendered":"<p><\/p>\n<figure class=\"wp-block-image alignright size-large is-resized is-style-default\"><img loading=\"lazy\" decoding=\"async\" width=\"768\" height=\"1024\" src=\"https:\/\/www.musikvereinigung-tiefenbach.de\/wp-content\/uploads\/2025\/01\/IMG_9176-768x1024.jpeg\" alt=\"\" class=\"wp-image-1624\" style=\"aspect-ratio:1;object-fit:cover;width:294px;height:auto\" srcset=\"https:\/\/www.musikvereinigung-tiefenbach.de\/wp-content\/uploads\/2025\/01\/IMG_9176-768x1024.jpeg 768w, https:\/\/www.musikvereinigung-tiefenbach.de\/wp-content\/uploads\/2025\/01\/IMG_9176-225x300.jpeg 225w, https:\/\/www.musikvereinigung-tiefenbach.de\/wp-content\/uploads\/2025\/01\/IMG_9176-1152x1536.jpeg 1152w, https:\/\/www.musikvereinigung-tiefenbach.de\/wp-content\/uploads\/2025\/01\/IMG_9176-1536x2048.jpeg 1536w, https:\/\/www.musikvereinigung-tiefenbach.de\/wp-content\/uploads\/2025\/01\/IMG_9176-scaled.jpeg 1920w\" sizes=\"(max-width: 768px) 100vw, 768px\" \/><figcaption class=\"wp-element-caption\">Julia B\u00f6ck, Hanna Hentschel und Melanie Wiker werden f\u00fcr ihre Treue zum Verein geehrt.<\/figcaption><\/figure>\n<p><\/p>\n<p><\/p>\n<p>Neuwahlen und Ehrungen standen bei der turnusgem\u00e4\u00dfen Generalversammlung am 12.01.2025 im Probenraum des BGM-Erwin-B\u00fcrzle Haus auf der Tagesordnung. Erfreulich klingen die Berichte der Vereinsfunktion\u00e4re, wobei vor allem die Jugendarbeit im Vordergrund steht.<\/p>\n<p><\/p>\n<p><\/p>\n<p>F\u00fcr 10-j\u00e4hrige aktive T\u00e4tigkeit wird Hanna Hentschel, f\u00fcr 20-j\u00e4hrige T\u00e4tigkeit werden Julia B\u00f6ck und Melanie Wiker geehrt. Wir gratulieren den Jubilaren herzlichst!<\/p>\n<p><\/p>\n<p><\/p>\n<p>Die Wahlen verlaufen reibungslos und alle Posten k\u00f6nnen einstimmig besetzt werden. Im Anschluss haben wir den Abend bei einer Brotzeit ausklingen lassen.<\/p>\n<p><\/p>\n<p><\/p>\n<div style=\"height:18px\" aria-hidden=\"true\" class=\"wp-block-spacer\"><\/div>\n<p><\/p>\n<p><\/p>\n<figure class=\"wp-block-image size-large\"><img loading=\"lazy\" decoding=\"async\" width=\"824\" height=\"1024\" src=\"https:\/\/www.musikvereinigung-tiefenbach.de\/wp-content\/uploads\/2025\/01\/IMG_9262-824x1024.jpeg\" alt=\"\" class=\"wp-image-1623\" srcset=\"https:\/\/www.musikvereinigung-tiefenbach.de\/wp-content\/uploads\/2025\/01\/IMG_9262-824x1024.jpeg 824w, https:\/\/www.musikvereinigung-tiefenbach.de\/wp-content\/uploads\/2025\/01\/IMG_9262-242x300.jpeg 242w, https:\/\/www.musikvereinigung-tiefenbach.de\/wp-content\/uploads\/2025\/01\/IMG_9262-768x954.jpeg 768w, https:\/\/www.musikvereinigung-tiefenbach.de\/wp-content\/uploads\/2025\/01\/IMG_9262-1236x1536.jpeg 1236w, https:\/\/www.musikvereinigung-tiefenbach.de\/wp-content\/uploads\/2025\/01\/IMG_9262-1649x2048.jpeg 1649w\" sizes=\"(max-width: 824px) 100vw, 824px\" \/><figcaption class=\"wp-element-caption\">Die teils neu gew\u00e4hlte Vorstandschef v.l.n.r Robin Koppenh\u00f6hl, Julia B\u00f6ck, Bettina Krause, Fabian Sailer, Melanie Wiker, Hubert B\u00f6ck, Annika Sailer, Regina Mayr, Hanna Hentschel, Michaela Weber, Christina Schramm, Thomas Sailer <a href=\"https:\/\/www.musikvereinigung-tiefenbach.de\/?page_id=36\" data-type=\"page\" data-id=\"36\">(zu den \u00c4mtern)<\/a><\/figcaption><\/figure>\n<p><\/p>\n","protected":false},"excerpt":{"rendered":"<p>Neuwahlen und Ehrungen standen bei der turnusgem\u00e4\u00dfen Generalversammlung am 12.01.2025 im Probenraum des BGM-Erwin-B\u00fcrzle Haus auf der Tagesordnung. Erfreulich klingen die Berichte der Vereinsfunktion\u00e4re, wobei vor allem die Jugendarbeit im Vordergrund steht. F\u00fcr 10-j\u00e4hrige aktive T\u00e4tigkeit wird Hanna Hentschel, f\u00fcr 20-j\u00e4hrige T\u00e4tigkeit werden Julia B\u00f6ck und Melanie Wiker geehrt. Wir gratulieren den Jubilaren herzlichst! Die [&hellip;]<\/p>\n","protected":false},"author":1,"featured_media":0,"comment_status":"open","ping_status":"open","sticky":false,"template":"","format":"standard","meta":{"footnotes":""},"categories":[7],"tags":[],"_links":{"self":[{"href":"https:\/\/www.musikvereinigung-tiefenbach.de\/index.php?rest_route=\/wp\/v2\/posts\/1625"}],"collection":[{"href":"https:\/\/www.musikvereinigung-tiefenbach.de\/index.php?rest_route=\/wp\/v2\/posts"}],"about":[{"href":"https:\/\/www.musikvereinigung-tiefenbach.de\/index.php?rest_route=\/wp\/v2\/types\/post"}],"author":[{"embeddable":true,"href":"https:\/\/www.musikvereinigung-tiefenbach.de\/index.php?rest_route=\/wp\/v2\/users\/1"}],"replies":[{"embeddable":true,"href":"https:\/\/www.musikvereinigung-tiefenbach.de\/index.php?rest_route=%2Fwp%2Fv2%2Fcomments&post=1625"}],"version-history":[{"count":4,"href":"https:\/\/www.musikvereinigung-tiefenbach.de\/index.php?rest_route=\/wp\/v2\/posts\/1625\/revisions"}],"predecessor-version":[{"id":1631,"href":"https:\/\/www.musikvereinigung-tiefenbach.de\/index.php?rest_route=\/wp\/v2\/posts\/1625\/revisions\/1631"}],"wp:attachment":[{"href":"https:\/\/www.musikvereinigung-tiefenbach.de\/index.php?rest_route=%2Fwp%2Fv2%2Fmedia&parent=1625"}],"wp:term":[{"taxonomy":"category","embeddable":true,"href":"https:\/\/www.musikvereinigung-tiefenbach.de\/index.php?rest_route=%2Fwp%2Fv2%2Fcategories&post=1625"},{"taxonomy":"post_tag","embeddable":true,"href":"https:\/\/www.musikvereinigung-tiefenbach.de\/index.php?rest_route=%2Fwp%2Fv2%2Ftags&post=1625"}],"curies":[{"name":"wp","href":"https:\/\/api.w.org\/{rel}","templated":true}]}}