{"id":180,"date":"2019-01-19T12:12:07","date_gmt":"2019-01-19T12:12:07","guid":{"rendered":"http:\/\/wp.musikvereinigung-tiefenbach.de\/?p=180"},"modified":"2019-01-23T16:39:41","modified_gmt":"2019-01-23T16:39:41","slug":"bericht-zur-generalversammlung-2019","status":"publish","type":"post","link":"https:\/\/www.musikvereinigung-tiefenbach.de\/?p=180","title":{"rendered":"Bericht zur Generalversammlung 2019"},"content":{"rendered":"<p><\/p>\n<h2 class=\"wp-block-heading\">230 Jahre Musikgeschichte<\/h2>\n<p><\/p>\n<p><\/p>\n<h4 class=\"wp-block-heading\">Ehrungen anl\u00e4sslich 50-, 40- und 10- j\u00e4hriger Mitgliedschaft<\/h4>\n<p><\/p>\n<p><\/p>\n<p>Am 19.01.2019 fand die allj\u00e4hrliche Auftaktveranstaltung als Generalversammlung im Proberaum des Bgm.-Erwin-B\u00fcrzle-Haus in Tiefenbach statt. <\/p>\n<p><\/p>\n<p><\/p>\n<p>Die Berichte der Vorstandschaft bieten den Anwesenden Musikern und Vertreter der Stadt Illertissen, dem Vereinsring, sowie dem Allg\u00e4u-Schw\u00e4bischen-Musikbundes die Gelegenheit das letzte Jahr Revue passieren zu lassen, sowie zugleich Ausblicke auf das kommende Jahr.<\/p>\n<p><\/p>\n<p><\/p>\n<p>Im Wesentlichen lassen sich aus dem vergangenen Jahr die folgenden H\u00f6hepunkte zusammenfassen:<\/p>\n<p><\/p>\n<p><\/p>\n<ul>\n<li>Fr\u00fchjahrskonzert mit dem Musikverein aus Pfaffenhofen<\/li>\n<li>Tiefenbacher Treffen in Tiefenbach\/ Gundelsheim<\/li>\n<li>Brotzeitabend<\/li>\n<li>Hochzeit unseres Dirigenten Martin<\/li>\n<li>Weihnachtskonzert in der St. Antonius Kirche<\/li>\n<\/ul>\n<p><\/p>\n<p><\/p>\n<p>Highlights des Abends sind aber mit Abstand die Ehrungen f\u00fcr treue Mitgliedschaft einiger Musiker.<br \/>ASM-Bezirksvorsitzende Marita Kaiser und Vorstand Raphael Sedlak nehmen die Ehrungen unter anerkennendem Applaus vor.<br \/>Helmut Karg und Franz Stalla erhalten Auszeichnungen f\u00fcr 50 Jahre aktive Mitgliedsschaft in Musikvereinen des Allg\u00e4u-Schw\u00e4bischen Musikbundes. Michaela Weber, Petra Zeller und Sebastian Miller blicken auf 40 Jahre Musizieren und Engagement im Vereinsleben zur\u00fcck. Stefanie Kestler erh\u00e4lt in Abwesenheit eine Ehrung f\u00fcr 10 Jahre.<\/p>\n<p><\/p>\n<p><\/p>\n<figure class=\"wp-block-image\"><img loading=\"lazy\" decoding=\"async\" width=\"1024\" height=\"768\" src=\"http:\/\/wp.musikvereinigung-tiefenbach.de\/wp-content\/uploads\/2019\/01\/IMG_0409-1024x768.jpg\" alt=\"\" class=\"wp-image-182\" srcset=\"https:\/\/www.musikvereinigung-tiefenbach.de\/wp-content\/uploads\/2019\/01\/IMG_0409-1024x768.jpg 1024w, https:\/\/www.musikvereinigung-tiefenbach.de\/wp-content\/uploads\/2019\/01\/IMG_0409-300x225.jpg 300w, https:\/\/www.musikvereinigung-tiefenbach.de\/wp-content\/uploads\/2019\/01\/IMG_0409-768x576.jpg 768w\" sizes=\"(max-width: 1024px) 100vw, 1024px\" \/><figcaption>Vorstand Raphael Sedlak, Petra Zeller, Sebastian Miller, Michaela Weber, Marita Kaiser (ASM), Helmut Karg, Franz Stalla<br \/><\/figcaption><\/figure>\n<p><\/p>\n<p><\/p>\n<p>Bei den anschlie\u00dfenden Neuwahlen wurden einige \u00c4mter best\u00e4tigt, einige Posten auch neu besetzt. Bedauerlicherweise konnte an diesem Abend niemand f\u00fcr das Amt des Jugendleiters gewonnen werden. Wir bedanken uns nochmals recht herzlich bei den scheidenden Funktionstr\u00e4ger. Ihr habt einen wesentlichen Beitrag zur Entwicklung unseres Vereins in den letzten Jahren beigetragen.<\/p>\n<p><\/p>\n<p><\/p>\n<p>Folgende Konstellation bildet f\u00fcr die n\u00e4chste Amtsperiode Vorstandschaft und Vereinsausschuss:<\/p>\n<p><\/p>\n<p><\/p>\n<ul>\n<li>1. Vorstand: Raphael Sedlak<\/li>\n<li>2. Vorstand: Fabian Sailer<\/li>\n<li>Kassiererin: Petra Zeller<\/li>\n<li>Schriftf\u00fchrerin: Melanie Kraft<\/li>\n<li>1. Notenwart: Julia B\u00f6ck<\/li>\n<li>2. Notenwart: Bettina Krause<\/li>\n<li>Beisitzer:\n<ul>\n<li>Michaela Weber<\/li>\n<li>J\u00fcrgen R\u00fcck<\/li>\n<li>Annika Kraft<\/li>\n<li>Sebastian Miller<\/li>\n<\/ul>\n<\/li>\n<\/ul>\n<p><\/p>\n<p><\/p>\n<p><\/p>\n","protected":false},"excerpt":{"rendered":"<p>230 Jahre Musikgeschichte Ehrungen anl\u00e4sslich 50-, 40- und 10- j\u00e4hriger Mitgliedschaft Am 19.01.2019 fand die allj\u00e4hrliche Auftaktveranstaltung als Generalversammlung im Proberaum des Bgm.-Erwin-B\u00fcrzle-Haus in Tiefenbach statt. Die Berichte der Vorstandschaft bieten den Anwesenden Musikern und Vertreter der Stadt Illertissen, dem Vereinsring, sowie dem Allg\u00e4u-Schw\u00e4bischen-Musikbundes die Gelegenheit das letzte Jahr Revue passieren zu lassen, sowie zugleich [&hellip;]<\/p>\n","protected":false},"author":1,"featured_media":182,"comment_status":"closed","ping_status":"open","sticky":false,"template":"","format":"standard","meta":{"footnotes":""},"categories":[7],"tags":[],"_links":{"self":[{"href":"https:\/\/www.musikvereinigung-tiefenbach.de\/index.php?rest_route=\/wp\/v2\/posts\/180"}],"collection":[{"href":"https:\/\/www.musikvereinigung-tiefenbach.de\/index.php?rest_route=\/wp\/v2\/posts"}],"about":[{"href":"https:\/\/www.musikvereinigung-tiefenbach.de\/index.php?rest_route=\/wp\/v2\/types\/post"}],"author":[{"embeddable":true,"href":"https:\/\/www.musikvereinigung-tiefenbach.de\/index.php?rest_route=\/wp\/v2\/users\/1"}],"replies":[{"embeddable":true,"href":"https:\/\/www.musikvereinigung-tiefenbach.de\/index.php?rest_route=%2Fwp%2Fv2%2Fcomments&post=180"}],"version-history":[{"count":6,"href":"https:\/\/www.musikvereinigung-tiefenbach.de\/index.php?rest_route=\/wp\/v2\/posts\/180\/revisions"}],"predecessor-version":[{"id":310,"href":"https:\/\/www.musikvereinigung-tiefenbach.de\/index.php?rest_route=\/wp\/v2\/posts\/180\/revisions\/310"}],"wp:featuredmedia":[{"embeddable":true,"href":"https:\/\/www.musikvereinigung-tiefenbach.de\/index.php?rest_route=\/wp\/v2\/media\/182"}],"wp:attachment":[{"href":"https:\/\/www.musikvereinigung-tiefenbach.de\/index.php?rest_route=%2Fwp%2Fv2%2Fmedia&parent=180"}],"wp:term":[{"taxonomy":"category","embeddable":true,"href":"https:\/\/www.musikvereinigung-tiefenbach.de\/index.php?rest_route=%2Fwp%2Fv2%2Fcategories&post=180"},{"taxonomy":"post_tag","embeddable":true,"href":"https:\/\/www.musikvereinigung-tiefenbach.de\/index.php?rest_route=%2Fwp%2Fv2%2Ftags&post=180"}],"curies":[{"name":"wp","href":"https:\/\/api.w.org\/{rel}","templated":true}]}}