{"id":417,"date":"2019-02-16T13:27:30","date_gmt":"2019-02-16T12:27:30","guid":{"rendered":"https:\/\/www.musikvereinigung-tiefenbach.de\/?p=417"},"modified":"2019-02-16T13:27:34","modified_gmt":"2019-02-16T12:27:34","slug":"wir-sagen-danke","status":"publish","type":"post","link":"https:\/\/www.musikvereinigung-tiefenbach.de\/?p=417","title":{"rendered":"Wir sagen DANKE!"},"content":{"rendered":"<p><\/p>\n<ul class=\"wp-block-gallery columns-2 is-cropped wp-block-gallery-1 is-layout-flex wp-block-gallery-is-layout-flex\">\n<li class=\"blocks-gallery-item\">\n<figure><img loading=\"lazy\" decoding=\"async\" width=\"1024\" height=\"768\" src=\"https:\/\/www.musikvereinigung-tiefenbach.de\/wp-content\/uploads\/2019\/02\/IMG_0520-1024x768.jpg\" alt=\"\" data-id=\"407\" data-link=\"https:\/\/www.musikvereinigung-tiefenbach.de\/?attachment_id=407\" class=\"wp-image-407\" srcset=\"https:\/\/www.musikvereinigung-tiefenbach.de\/wp-content\/uploads\/2019\/02\/IMG_0520-1024x768.jpg 1024w, https:\/\/www.musikvereinigung-tiefenbach.de\/wp-content\/uploads\/2019\/02\/IMG_0520-300x225.jpg 300w, https:\/\/www.musikvereinigung-tiefenbach.de\/wp-content\/uploads\/2019\/02\/IMG_0520-768x576.jpg 768w\" sizes=\"(max-width: 1024px) 100vw, 1024px\" \/><\/figure>\n<\/li>\n<li class=\"blocks-gallery-item\">\n<figure><img loading=\"lazy\" decoding=\"async\" width=\"1024\" height=\"768\" src=\"https:\/\/www.musikvereinigung-tiefenbach.de\/wp-content\/uploads\/2019\/02\/IMG_0519-1024x768.jpg\" alt=\"\" data-id=\"406\" data-link=\"https:\/\/www.musikvereinigung-tiefenbach.de\/?attachment_id=406\" class=\"wp-image-406\" srcset=\"https:\/\/www.musikvereinigung-tiefenbach.de\/wp-content\/uploads\/2019\/02\/IMG_0519-1024x768.jpg 1024w, https:\/\/www.musikvereinigung-tiefenbach.de\/wp-content\/uploads\/2019\/02\/IMG_0519-300x225.jpg 300w, https:\/\/www.musikvereinigung-tiefenbach.de\/wp-content\/uploads\/2019\/02\/IMG_0519-768x576.jpg 768w\" sizes=\"(max-width: 1024px) 100vw, 1024px\" \/><\/figure>\n<\/li>\n<\/ul>\n<p><\/p>\n<p><\/p>\n<p>Zum Jahreswechsel 2018\/ 2019 durften wir voller Stolz unseren neuen Anh\u00e4nger in Empfang nehmen. Finanziert wird dieser durch Sponsoren in Kooperation mit der <a href=\"https:\/\/www.werbeagentur-eigenart.de\/\">Werbeagentur eigenart.<\/a> <br \/>Wir bedanken uns nochmals recht herzlich bei allen Unterst\u00fctzern dieses Projekts. <\/p>\n<p><\/p>\n<p><\/p>\n<h4 class=\"wp-block-heading\">Wof\u00fcr braucht ein Musikverein einen Anh\u00e4nger?<\/h4>\n<p><\/p>\n<p><\/p>\n<p>Mancher mag sich fragen, wof\u00fcr braucht denn ein Musikverein einen Anh\u00e4nger, die haben doch lediglich ihr Instrument, einen Notenst\u00e4nder und eine Notenmappe!<br \/>Fast&#8230; Grunds\u00e4tzlich sind wir mit relativ geringem Aufwand spielf\u00e4hig. F\u00fcr gr\u00f6\u00dferer Auftritte jedoch kommt mit Verst\u00e4keranlage f\u00fcr Gesang und Sound und Schlagzeug ganz sch\u00f6n was zusammen. Wir freuen uns nun unser Equipment im neuen Anh\u00e4nger wettergesch\u00fctzt transportieren zu k\u00f6nnen.<\/p>\n<p><\/p>\n","protected":false},"excerpt":{"rendered":"<p>Zum Jahreswechsel 2018\/ 2019 durften wir voller Stolz unseren neuen Anh\u00e4nger in Empfang nehmen. Finanziert wird dieser durch Sponsoren in Kooperation mit der Werbeagentur eigenart. Wir bedanken uns nochmals recht herzlich bei allen Unterst\u00fctzern dieses Projekts. Wof\u00fcr braucht ein Musikverein einen Anh\u00e4nger? Mancher mag sich fragen, wof\u00fcr braucht denn ein Musikverein einen Anh\u00e4nger, die haben [&hellip;]<\/p>\n","protected":false},"author":1,"featured_media":407,"comment_status":"open","ping_status":"open","sticky":false,"template":"","format":"standard","meta":{"footnotes":""},"categories":[7],"tags":[],"_links":{"self":[{"href":"https:\/\/www.musikvereinigung-tiefenbach.de\/index.php?rest_route=\/wp\/v2\/posts\/417"}],"collection":[{"href":"https:\/\/www.musikvereinigung-tiefenbach.de\/index.php?rest_route=\/wp\/v2\/posts"}],"about":[{"href":"https:\/\/www.musikvereinigung-tiefenbach.de\/index.php?rest_route=\/wp\/v2\/types\/post"}],"author":[{"embeddable":true,"href":"https:\/\/www.musikvereinigung-tiefenbach.de\/index.php?rest_route=\/wp\/v2\/users\/1"}],"replies":[{"embeddable":true,"href":"https:\/\/www.musikvereinigung-tiefenbach.de\/index.php?rest_route=%2Fwp%2Fv2%2Fcomments&post=417"}],"version-history":[{"count":4,"href":"https:\/\/www.musikvereinigung-tiefenbach.de\/index.php?rest_route=\/wp\/v2\/posts\/417\/revisions"}],"predecessor-version":[{"id":421,"href":"https:\/\/www.musikvereinigung-tiefenbach.de\/index.php?rest_route=\/wp\/v2\/posts\/417\/revisions\/421"}],"wp:featuredmedia":[{"embeddable":true,"href":"https:\/\/www.musikvereinigung-tiefenbach.de\/index.php?rest_route=\/wp\/v2\/media\/407"}],"wp:attachment":[{"href":"https:\/\/www.musikvereinigung-tiefenbach.de\/index.php?rest_route=%2Fwp%2Fv2%2Fmedia&parent=417"}],"wp:term":[{"taxonomy":"category","embeddable":true,"href":"https:\/\/www.musikvereinigung-tiefenbach.de\/index.php?rest_route=%2Fwp%2Fv2%2Fcategories&post=417"},{"taxonomy":"post_tag","embeddable":true,"href":"https:\/\/www.musikvereinigung-tiefenbach.de\/index.php?rest_route=%2Fwp%2Fv2%2Ftags&post=417"}],"curies":[{"name":"wp","href":"https:\/\/api.w.org\/{rel}","templated":true}]}}