{"id":484,"date":"2018-01-19T20:14:23","date_gmt":"2018-01-19T19:14:23","guid":{"rendered":"https:\/\/www.musikvereinigung-tiefenbach.de\/?p=484"},"modified":"2019-02-26T19:15:47","modified_gmt":"2019-02-26T18:15:47","slug":"beitrag-zur-generalversammlung-2018","status":"publish","type":"post","link":"https:\/\/www.musikvereinigung-tiefenbach.de\/?p=484","title":{"rendered":"Bericht zur Generalversammlung 2018"},"content":{"rendered":"<p><\/p>\n<p>Erfreulicherweise durften wir auch zu unseren diesj\u00e4hrigen Generalversammlung eine Ehrung f\u00fcr langj\u00e4hriges Musizieren \u00fcberreichen.<\/p>\n<p><\/p>\n<p><\/p>\n<p>Unsere Annika Kraft am Waldhorn erh\u00e4lt f\u00fcr 10-j\u00e4hrige Treue zum Verein eine Auszeichnung.<\/p>\n<p><\/p>\n<p><\/p>\n<figure class=\"wp-block-image\"><img loading=\"lazy\" decoding=\"async\" width=\"1024\" height=\"768\" src=\"https:\/\/www.musikvereinigung-tiefenbach.de\/wp-content\/uploads\/2019\/02\/IMG_0431-1024x768.jpg\" alt=\"\" class=\"wp-image-485\" srcset=\"https:\/\/www.musikvereinigung-tiefenbach.de\/wp-content\/uploads\/2019\/02\/IMG_0431-1024x768.jpg 1024w, https:\/\/www.musikvereinigung-tiefenbach.de\/wp-content\/uploads\/2019\/02\/IMG_0431-300x225.jpg 300w, https:\/\/www.musikvereinigung-tiefenbach.de\/wp-content\/uploads\/2019\/02\/IMG_0431-768x576.jpg 768w\" sizes=\"(max-width: 1024px) 100vw, 1024px\" \/><figcaption>Dirigent Martin Eittinger und 2. Vorstand Fabian Sailer \u00fcberreichen Annika Kraft die Ehrung f\u00fcr 10-j\u00e4hrige Treue.<\/figcaption><\/figure>\n<p><\/p>\n","protected":false},"excerpt":{"rendered":"<p>Erfreulicherweise durften wir auch zu unseren diesj\u00e4hrigen Generalversammlung eine Ehrung f\u00fcr langj\u00e4hriges Musizieren \u00fcberreichen. Unsere Annika Kraft am Waldhorn erh\u00e4lt f\u00fcr 10-j\u00e4hrige Treue zum Verein eine Auszeichnung.<\/p>\n","protected":false},"author":1,"featured_media":485,"comment_status":"open","ping_status":"open","sticky":false,"template":"","format":"standard","meta":{"footnotes":""},"categories":[7],"tags":[],"_links":{"self":[{"href":"https:\/\/www.musikvereinigung-tiefenbach.de\/index.php?rest_route=\/wp\/v2\/posts\/484"}],"collection":[{"href":"https:\/\/www.musikvereinigung-tiefenbach.de\/index.php?rest_route=\/wp\/v2\/posts"}],"about":[{"href":"https:\/\/www.musikvereinigung-tiefenbach.de\/index.php?rest_route=\/wp\/v2\/types\/post"}],"author":[{"embeddable":true,"href":"https:\/\/www.musikvereinigung-tiefenbach.de\/index.php?rest_route=\/wp\/v2\/users\/1"}],"replies":[{"embeddable":true,"href":"https:\/\/www.musikvereinigung-tiefenbach.de\/index.php?rest_route=%2Fwp%2Fv2%2Fcomments&post=484"}],"version-history":[{"count":2,"href":"https:\/\/www.musikvereinigung-tiefenbach.de\/index.php?rest_route=\/wp\/v2\/posts\/484\/revisions"}],"predecessor-version":[{"id":487,"href":"https:\/\/www.musikvereinigung-tiefenbach.de\/index.php?rest_route=\/wp\/v2\/posts\/484\/revisions\/487"}],"wp:featuredmedia":[{"embeddable":true,"href":"https:\/\/www.musikvereinigung-tiefenbach.de\/index.php?rest_route=\/wp\/v2\/media\/485"}],"wp:attachment":[{"href":"https:\/\/www.musikvereinigung-tiefenbach.de\/index.php?rest_route=%2Fwp%2Fv2%2Fmedia&parent=484"}],"wp:term":[{"taxonomy":"category","embeddable":true,"href":"https:\/\/www.musikvereinigung-tiefenbach.de\/index.php?rest_route=%2Fwp%2Fv2%2Fcategories&post=484"},{"taxonomy":"post_tag","embeddable":true,"href":"https:\/\/www.musikvereinigung-tiefenbach.de\/index.php?rest_route=%2Fwp%2Fv2%2Ftags&post=484"}],"curies":[{"name":"wp","href":"https:\/\/api.w.org\/{rel}","templated":true}]}}