{"id":509,"date":"2019-03-10T18:21:18","date_gmt":"2019-03-10T17:21:18","guid":{"rendered":"https:\/\/www.musikvereinigung-tiefenbach.de\/?p=509"},"modified":"2019-03-30T08:22:28","modified_gmt":"2019-03-30T07:22:28","slug":"konzert-fuer-jedermann-13-april-2019","status":"publish","type":"post","link":"https:\/\/www.musikvereinigung-tiefenbach.de\/?p=509","title":{"rendered":"Konzert f\u00fcr Jedermann! &#8211; 13. April 2019"},"content":{"rendered":"<p><\/p>\n<figure class=\"wp-block-image alignwide\"><img loading=\"lazy\" decoding=\"async\" width=\"975\" height=\"410\" src=\"https:\/\/www.musikvereinigung-tiefenbach.de\/wp-content\/uploads\/2019\/03\/header.png\" alt=\"\" class=\"wp-image-510\" srcset=\"https:\/\/www.musikvereinigung-tiefenbach.de\/wp-content\/uploads\/2019\/03\/header.png 975w, https:\/\/www.musikvereinigung-tiefenbach.de\/wp-content\/uploads\/2019\/03\/header-300x126.png 300w, https:\/\/www.musikvereinigung-tiefenbach.de\/wp-content\/uploads\/2019\/03\/header-768x323.png 768w\" sizes=\"(max-width: 975px) 100vw, 975px\" \/><\/figure>\n<p><\/p>\n<p><\/p>\n<p>Wir laden euch recht herzlich zu unserem diesj\u00e4hrigen Fr\u00fchjahrskonzert unter dem Motto &#8222;Konzert f\u00fcr Jedermann&#8220; ein.<\/p>\n<p><\/p>\n<p><\/p>\n<p style=\"text-align:center\" class=\"has-medium-font-size\"><strong>Samstag, 13. April 2019<\/strong><br \/><strong>20.00 Uhr &#8211; <em>Einlass 19.30 Uhr<\/em><br \/>Gemeindehalle Tiefenbach <\/strong><\/p>\n<p><\/p>\n<p><\/p>\n<div class=\"wp-block-media-text alignwide has-media-on-the-right\">\n<figure class=\"wp-block-media-text__media\"><img loading=\"lazy\" decoding=\"async\" width=\"975\" height=\"641\" src=\"https:\/\/www.musikvereinigung-tiefenbach.de\/wp-content\/uploads\/2019\/03\/programm.png\" alt=\"\" class=\"wp-image-511\" srcset=\"https:\/\/www.musikvereinigung-tiefenbach.de\/wp-content\/uploads\/2019\/03\/programm.png 975w, https:\/\/www.musikvereinigung-tiefenbach.de\/wp-content\/uploads\/2019\/03\/programm-300x197.png 300w, https:\/\/www.musikvereinigung-tiefenbach.de\/wp-content\/uploads\/2019\/03\/programm-768x505.png 768w\" sizes=\"(max-width: 975px) 100vw, 975px\" \/><\/figure>\n<div class=\"wp-block-media-text__content\"><\/p>\n<p> In gem\u00fctlicher Atmosph\u00e4re pr\u00e4sentieren wir im ersten Teil des Abends konzertante Blasmusik. Hauptwerke bilden dabei <strong>&#8222;Symphony of Hope&#8220;<\/strong> von Kurt G\u00e4ble, sowie <strong>&#8222;Oregon&#8220;<\/strong> aus der Feder von Jacob de Haan. <\/p>\n<p>W\u00e4hrend und nach der Pause werdet ihr einen regelrechten Stilbruch erleben. Wir schwenken in Richtung gehobener b\u00f6hmisch-m\u00e4hrischer Blasmusik. Bekannte M\u00e4rsche wie &#8222;<strong>Die Sonne geht auf&#8220;<\/strong> kombiniert mit neuen Highlights, wie dem brandaktuellen Konzertmarsch <strong>&#8222;Kaiserin Sissi&#8220;<\/strong> (Timo Dellweg) oder der <strong>&#8222;Heublumen-Polka&#8220;<\/strong> (Kurt G\u00e4ble) lockern die Stimmung.<\/p>\n<p>F\u00fcr all diejenigen, denen beim H\u00f6ren der Kl\u00e4nge des zweiten Teils Durst und kleiner Hunger aufkommt, bieten wir <strong>Getr\u00e4nke und diverse Leckereien.<\/strong><\/p>\n<p><\/div>\n<\/div>\n<p><\/p>\n<p><\/p>\n<p><\/p>\n<p><\/p>\n","protected":false},"excerpt":{"rendered":"<p>Wir laden euch recht herzlich zu unserem diesj\u00e4hrigen Fr\u00fchjahrskonzert unter dem Motto &#8222;Konzert f\u00fcr Jedermann&#8220; ein. Samstag, 13. April 201920.00 Uhr &#8211; Einlass 19.30 UhrGemeindehalle Tiefenbach In gem\u00fctlicher Atmosph\u00e4re pr\u00e4sentieren wir im ersten Teil des Abends konzertante Blasmusik. Hauptwerke bilden dabei &#8222;Symphony of Hope&#8220; von Kurt G\u00e4ble, sowie &#8222;Oregon&#8220; aus der Feder von Jacob de [&hellip;]<\/p>\n","protected":false},"author":1,"featured_media":0,"comment_status":"open","ping_status":"open","sticky":false,"template":"","format":"standard","meta":{"footnotes":""},"categories":[7],"tags":[],"_links":{"self":[{"href":"https:\/\/www.musikvereinigung-tiefenbach.de\/index.php?rest_route=\/wp\/v2\/posts\/509"}],"collection":[{"href":"https:\/\/www.musikvereinigung-tiefenbach.de\/index.php?rest_route=\/wp\/v2\/posts"}],"about":[{"href":"https:\/\/www.musikvereinigung-tiefenbach.de\/index.php?rest_route=\/wp\/v2\/types\/post"}],"author":[{"embeddable":true,"href":"https:\/\/www.musikvereinigung-tiefenbach.de\/index.php?rest_route=\/wp\/v2\/users\/1"}],"replies":[{"embeddable":true,"href":"https:\/\/www.musikvereinigung-tiefenbach.de\/index.php?rest_route=%2Fwp%2Fv2%2Fcomments&post=509"}],"version-history":[{"count":2,"href":"https:\/\/www.musikvereinigung-tiefenbach.de\/index.php?rest_route=\/wp\/v2\/posts\/509\/revisions"}],"predecessor-version":[{"id":513,"href":"https:\/\/www.musikvereinigung-tiefenbach.de\/index.php?rest_route=\/wp\/v2\/posts\/509\/revisions\/513"}],"wp:attachment":[{"href":"https:\/\/www.musikvereinigung-tiefenbach.de\/index.php?rest_route=%2Fwp%2Fv2%2Fmedia&parent=509"}],"wp:term":[{"taxonomy":"category","embeddable":true,"href":"https:\/\/www.musikvereinigung-tiefenbach.de\/index.php?rest_route=%2Fwp%2Fv2%2Fcategories&post=509"},{"taxonomy":"post_tag","embeddable":true,"href":"https:\/\/www.musikvereinigung-tiefenbach.de\/index.php?rest_route=%2Fwp%2Fv2%2Ftags&post=509"}],"curies":[{"name":"wp","href":"https:\/\/api.w.org\/{rel}","templated":true}]}}