{"id":515,"date":"2019-03-25T18:31:36","date_gmt":"2019-03-25T17:31:36","guid":{"rendered":"https:\/\/www.musikvereinigung-tiefenbach.de\/?p=515"},"modified":"2019-03-25T18:36:55","modified_gmt":"2019-03-25T17:36:55","slug":"staendchen-zum-85-geburtstag","status":"publish","type":"post","link":"https:\/\/www.musikvereinigung-tiefenbach.de\/?p=515","title":{"rendered":"St\u00e4ndchen zum 85. Geburtstag"},"content":{"rendered":"<p><\/p>\n<h4 class=\"wp-block-heading\">Wir gratulieren Anton B\u00fcrzle zu seinem 85. Geburtstag<\/h4>\n<p><\/p>\n<p><\/p>\n<p>Am Samstag den 24.03.2019 durften wir unserem Ehrenmitglied Anton B\u00fcrzle zu seinem 85. Geburtstag gratulieren. <br \/>Anton ist immer noch einer unser treusten Fans und hat auch nach seiner aktiven Zeit in den Reihen der Kapelle den Bezug zur Musikvereinigung nicht verloren. <br \/>Mit den St\u00fccken &#8222;Jubil\u00e4umskl\u00e4nge&#8220;, &#8222;Wir Musikanten&#8220; und traditionell &#8222;Mein Tiefenbach&#8220; w\u00fcnschen wir Ihm weiterhin Gesundheit und alles Gute. <\/p>\n<p><\/p>\n<p><\/p>\n<figure class=\"wp-block-image alignfull\"><img loading=\"lazy\" decoding=\"async\" width=\"1024\" height=\"768\" src=\"https:\/\/www.musikvereinigung-tiefenbach.de\/wp-content\/uploads\/2019\/03\/19-03-24-21-34-18-0596-1024x768.jpg\" alt=\"\" class=\"wp-image-517\" srcset=\"https:\/\/www.musikvereinigung-tiefenbach.de\/wp-content\/uploads\/2019\/03\/19-03-24-21-34-18-0596-1024x768.jpg 1024w, https:\/\/www.musikvereinigung-tiefenbach.de\/wp-content\/uploads\/2019\/03\/19-03-24-21-34-18-0596-300x225.jpg 300w, https:\/\/www.musikvereinigung-tiefenbach.de\/wp-content\/uploads\/2019\/03\/19-03-24-21-34-18-0596-768x576.jpg 768w, https:\/\/www.musikvereinigung-tiefenbach.de\/wp-content\/uploads\/2019\/03\/19-03-24-21-34-18-0596.jpg 1600w\" sizes=\"(max-width: 1024px) 100vw, 1024px\" \/><figcaption>Anton B\u00fcrzle mit der Musikvereinigung Tiefenbach anl\u00e4sslich seines 85. Geburtstag<\/figcaption><\/figure>\n<p><\/p>\n","protected":false},"excerpt":{"rendered":"<p>Wir gratulieren Anton B\u00fcrzle zu seinem 85. Geburtstag Am Samstag den 24.03.2019 durften wir unserem Ehrenmitglied Anton B\u00fcrzle zu seinem 85. Geburtstag gratulieren. Anton ist immer noch einer unser treusten Fans und hat auch nach seiner aktiven Zeit in den Reihen der Kapelle den Bezug zur Musikvereinigung nicht verloren. Mit den St\u00fccken &#8222;Jubil\u00e4umskl\u00e4nge&#8220;, &#8222;Wir Musikanten&#8220; [&hellip;]<\/p>\n","protected":false},"author":1,"featured_media":519,"comment_status":"open","ping_status":"open","sticky":false,"template":"","format":"standard","meta":{"footnotes":""},"categories":[7],"tags":[],"_links":{"self":[{"href":"https:\/\/www.musikvereinigung-tiefenbach.de\/index.php?rest_route=\/wp\/v2\/posts\/515"}],"collection":[{"href":"https:\/\/www.musikvereinigung-tiefenbach.de\/index.php?rest_route=\/wp\/v2\/posts"}],"about":[{"href":"https:\/\/www.musikvereinigung-tiefenbach.de\/index.php?rest_route=\/wp\/v2\/types\/post"}],"author":[{"embeddable":true,"href":"https:\/\/www.musikvereinigung-tiefenbach.de\/index.php?rest_route=\/wp\/v2\/users\/1"}],"replies":[{"embeddable":true,"href":"https:\/\/www.musikvereinigung-tiefenbach.de\/index.php?rest_route=%2Fwp%2Fv2%2Fcomments&post=515"}],"version-history":[{"count":2,"href":"https:\/\/www.musikvereinigung-tiefenbach.de\/index.php?rest_route=\/wp\/v2\/posts\/515\/revisions"}],"predecessor-version":[{"id":518,"href":"https:\/\/www.musikvereinigung-tiefenbach.de\/index.php?rest_route=\/wp\/v2\/posts\/515\/revisions\/518"}],"wp:featuredmedia":[{"embeddable":true,"href":"https:\/\/www.musikvereinigung-tiefenbach.de\/index.php?rest_route=\/wp\/v2\/media\/519"}],"wp:attachment":[{"href":"https:\/\/www.musikvereinigung-tiefenbach.de\/index.php?rest_route=%2Fwp%2Fv2%2Fmedia&parent=515"}],"wp:term":[{"taxonomy":"category","embeddable":true,"href":"https:\/\/www.musikvereinigung-tiefenbach.de\/index.php?rest_route=%2Fwp%2Fv2%2Fcategories&post=515"},{"taxonomy":"post_tag","embeddable":true,"href":"https:\/\/www.musikvereinigung-tiefenbach.de\/index.php?rest_route=%2Fwp%2Fv2%2Ftags&post=515"}],"curies":[{"name":"wp","href":"https:\/\/api.w.org\/{rel}","templated":true}]}}