{"id":520,"date":"2019-03-30T08:20:32","date_gmt":"2019-03-30T07:20:32","guid":{"rendered":"https:\/\/www.musikvereinigung-tiefenbach.de\/?p=520"},"modified":"2019-03-30T12:04:50","modified_gmt":"2019-03-30T11:04:50","slug":"probenarbeit-konzert-2019","status":"publish","type":"post","link":"https:\/\/www.musikvereinigung-tiefenbach.de\/?p=520","title":{"rendered":"Probenarbeit Konzert 2019"},"content":{"rendered":"<p><\/p>\n<figure class=\"wp-block-image alignwide\"><a href=\"https:\/\/www.musikvereinigung-tiefenbach.de\/?p=509\"><img loading=\"lazy\" decoding=\"async\" width=\"975\" height=\"410\" src=\"https:\/\/www.musikvereinigung-tiefenbach.de\/wp-content\/uploads\/2019\/03\/header.png\" alt=\"\" class=\"wp-image-510\" srcset=\"https:\/\/www.musikvereinigung-tiefenbach.de\/wp-content\/uploads\/2019\/03\/header.png 975w, https:\/\/www.musikvereinigung-tiefenbach.de\/wp-content\/uploads\/2019\/03\/header-300x126.png 300w, https:\/\/www.musikvereinigung-tiefenbach.de\/wp-content\/uploads\/2019\/03\/header-768x323.png 768w\" sizes=\"(max-width: 975px) 100vw, 975px\" \/><\/a><\/figure>\n<p><\/p>\n<p><\/p>\n<ul class=\"wp-block-gallery alignright columns-1 is-cropped wp-block-gallery-1 is-layout-flex wp-block-gallery-is-layout-flex\">\n<li class=\"blocks-gallery-item\">\n<figure><a href=\"https:\/\/www.musikvereinigung-tiefenbach.de\/wp-content\/uploads\/2019\/03\/IMG_0602-1024x768.jpg\"><img loading=\"lazy\" decoding=\"async\" width=\"1024\" height=\"768\" src=\"https:\/\/www.musikvereinigung-tiefenbach.de\/wp-content\/uploads\/2019\/03\/IMG_0602-1024x768.jpg\" alt=\"\" data-id=\"522\" data-link=\"https:\/\/www.musikvereinigung-tiefenbach.de\/?attachment_id=522\" class=\"wp-image-522\" srcset=\"https:\/\/www.musikvereinigung-tiefenbach.de\/wp-content\/uploads\/2019\/03\/IMG_0602-1024x768.jpg 1024w, https:\/\/www.musikvereinigung-tiefenbach.de\/wp-content\/uploads\/2019\/03\/IMG_0602-300x225.jpg 300w, https:\/\/www.musikvereinigung-tiefenbach.de\/wp-content\/uploads\/2019\/03\/IMG_0602-768x576.jpg 768w\" sizes=\"(max-width: 1024px) 100vw, 1024px\" \/><\/a><\/figure>\n<\/li>\n<li class=\"blocks-gallery-item\">\n<figure><a href=\"https:\/\/www.musikvereinigung-tiefenbach.de\/wp-content\/uploads\/2019\/03\/IMG_0601-1024x768.jpg\"><img loading=\"lazy\" decoding=\"async\" width=\"1024\" height=\"768\" src=\"https:\/\/www.musikvereinigung-tiefenbach.de\/wp-content\/uploads\/2019\/03\/IMG_0601-1024x768.jpg\" alt=\"\" data-id=\"524\" data-link=\"https:\/\/www.musikvereinigung-tiefenbach.de\/?attachment_id=524\" class=\"wp-image-524\" srcset=\"https:\/\/www.musikvereinigung-tiefenbach.de\/wp-content\/uploads\/2019\/03\/IMG_0601-1024x768.jpg 1024w, https:\/\/www.musikvereinigung-tiefenbach.de\/wp-content\/uploads\/2019\/03\/IMG_0601-300x225.jpg 300w, https:\/\/www.musikvereinigung-tiefenbach.de\/wp-content\/uploads\/2019\/03\/IMG_0601-768x576.jpg 768w\" sizes=\"(max-width: 1024px) 100vw, 1024px\" \/><\/a><\/figure>\n<\/li>\n<\/ul>\n<p><\/p>\n<p><\/p>\n<p>Die Probenarbeit ist in vollem Gange. Unser Dirigent <strong>Martin Eittinger<\/strong> hat einen straffen Probenplan ausgegeben. Gestern konnten wir das erste mal in nahezu voller Besetzung den konzertanten Teil unseres <strong><a href=\"https:\/\/www.musikvereinigung-tiefenbach.de\/?p=509\">Konzert f\u00fcr Jedermann<\/a> <\/strong>einstudieren. Die Registerproben haben Wirkung gezeigt und wir freuen uns auf den kommenden Sonntag, an welchem unser zweiter Teil des Konzertabends den Feinschliff bekommt. <\/p>\n<p><\/p>\n<p><\/p>\n<p>Wir freuen uns riesig \u00fcber unsere Aushilfen, die uns bereits in der Probenarbeit kr\u00e4ftig unterst\u00fctzen. Ein dickes Dankesch\u00f6n an<strong> Bianca und Pia<\/strong> an der Querfl\u00f6te, <strong>Andi<\/strong> an der Klarinette, <strong>Wolfgang<\/strong> an der Trompete, <strong>J\u00fcrgen<\/strong> an der Posaune und <strong>Benedikt und Mark<\/strong> f\u00fcr den Rythmus am Schlagzeug . <\/p>\n<p><\/p>\n","protected":false},"excerpt":{"rendered":"<p>Die Probenarbeit ist in vollem Gange. Unser Dirigent Martin Eittinger hat einen straffen Probenplan ausgegeben. Gestern konnten wir das erste mal in nahezu voller Besetzung den konzertanten Teil unseres Konzert f\u00fcr Jedermann einstudieren. Die Registerproben haben Wirkung gezeigt und wir freuen uns auf den kommenden Sonntag, an welchem unser zweiter Teil des Konzertabends den Feinschliff [&hellip;]<\/p>\n","protected":false},"author":1,"featured_media":0,"comment_status":"open","ping_status":"open","sticky":false,"template":"","format":"standard","meta":{"footnotes":""},"categories":[7],"tags":[],"_links":{"self":[{"href":"https:\/\/www.musikvereinigung-tiefenbach.de\/index.php?rest_route=\/wp\/v2\/posts\/520"}],"collection":[{"href":"https:\/\/www.musikvereinigung-tiefenbach.de\/index.php?rest_route=\/wp\/v2\/posts"}],"about":[{"href":"https:\/\/www.musikvereinigung-tiefenbach.de\/index.php?rest_route=\/wp\/v2\/types\/post"}],"author":[{"embeddable":true,"href":"https:\/\/www.musikvereinigung-tiefenbach.de\/index.php?rest_route=\/wp\/v2\/users\/1"}],"replies":[{"embeddable":true,"href":"https:\/\/www.musikvereinigung-tiefenbach.de\/index.php?rest_route=%2Fwp%2Fv2%2Fcomments&post=520"}],"version-history":[{"count":7,"href":"https:\/\/www.musikvereinigung-tiefenbach.de\/index.php?rest_route=\/wp\/v2\/posts\/520\/revisions"}],"predecessor-version":[{"id":535,"href":"https:\/\/www.musikvereinigung-tiefenbach.de\/index.php?rest_route=\/wp\/v2\/posts\/520\/revisions\/535"}],"wp:attachment":[{"href":"https:\/\/www.musikvereinigung-tiefenbach.de\/index.php?rest_route=%2Fwp%2Fv2%2Fmedia&parent=520"}],"wp:term":[{"taxonomy":"category","embeddable":true,"href":"https:\/\/www.musikvereinigung-tiefenbach.de\/index.php?rest_route=%2Fwp%2Fv2%2Fcategories&post=520"},{"taxonomy":"post_tag","embeddable":true,"href":"https:\/\/www.musikvereinigung-tiefenbach.de\/index.php?rest_route=%2Fwp%2Fv2%2Ftags&post=520"}],"curies":[{"name":"wp","href":"https:\/\/api.w.org\/{rel}","templated":true}]}}