{"id":543,"date":"2019-04-15T17:57:04","date_gmt":"2019-04-15T15:57:04","guid":{"rendered":"https:\/\/www.musikvereinigung-tiefenbach.de\/?p=543"},"modified":"2019-04-17T21:15:13","modified_gmt":"2019-04-17T19:15:13","slug":"bericht-zum-konzert-2019","status":"publish","type":"post","link":"https:\/\/www.musikvereinigung-tiefenbach.de\/?p=543","title":{"rendered":"Bericht zum Konzert 2019"},"content":{"rendered":"<p><\/p>\n<div class=\"wp-block-image\">\n<figure class=\"alignright\"><img loading=\"lazy\" decoding=\"async\" width=\"327\" height=\"905\" src=\"https:\/\/www.musikvereinigung-tiefenbach.de\/wp-content\/uploads\/2019\/04\/programm2.png\" alt=\"\" class=\"wp-image-545\" srcset=\"https:\/\/www.musikvereinigung-tiefenbach.de\/wp-content\/uploads\/2019\/04\/programm2.png 327w, https:\/\/www.musikvereinigung-tiefenbach.de\/wp-content\/uploads\/2019\/04\/programm2-108x300.png 108w\" sizes=\"(max-width: 327px) 100vw, 327px\" \/><\/figure>\n<\/div>\n<p><\/p>\n<p><\/p>\n<h2 class=\"wp-block-heading\">\n<p>Konzert f\u00fcr Jedermann?! <\/h2>\n<p><\/p>\n<p><\/p>\n<p>Bei unserem &#8222;Konzert f\u00fcr Jedermann&#8220; am 13. April 2019 in der Gemeindehalle in Tiefenbach kamen alle auf ihre Kosten. Den Erwartungen unserer traditionellen Konzertbesucher konnten wir mit unserem ersten Teil des Abends in gewohnter Weise gerecht werden. Unser Dirigent Martin Eittinger hat mit seiner St\u00fcckauswahl alles richtig gemacht. Wir waren gefordert, die Zuh\u00f6hrer konnten sich am\u00fcsieren &#8211; Volltreffer!<\/p>\n<p><\/p>\n<p><\/p>\n<h4 class=\"wp-block-heading\">Krasser Stilwechsel im zweiten Teil<\/h4>\n<p><\/p>\n<p><\/p>\n<p>Mit b\u00f6hmisch-m\u00e4hrischen St\u00fccken in lockerer Atmosph\u00e4re war auch f\u00fcr unsere &#8222;Bierzeltbesucher&#8220; was dabei. Neben kleinen Brotzeiten und Getr\u00e4nken lag der Fokus trotzdem auf der Musik! Dank an alle Zuh\u00f6rer f\u00fcr eure Diszplin!<\/p>\n<p><\/p>\n<p><\/p>\n<p>Wir hatten riesig Spa\u00df, sind jetzt jedoch erstmal erleichert, da die intensive Probenarbeit doch Spuren hinterl\u00e4sst. Nochmals ein dickes Dankesch\u00f6n an unsere Aushilfen &#8211; macht immer Spa\u00df mit euch!<\/p>\n<p><\/p>\n<p><\/p>\n<h2 class=\"wp-block-heading\"><a href=\"https:\/\/www.musikvereinigung-tiefenbach.de\/?p=547\">Hier geht&#8217;s zur Bildergalerie&#8230;<\/a><\/h2>\n<p><\/p>\n","protected":false},"excerpt":{"rendered":"<p>Konzert f\u00fcr Jedermann?! Bei unserem &#8222;Konzert f\u00fcr Jedermann&#8220; am 13. April 2019 in der Gemeindehalle in Tiefenbach kamen alle auf ihre Kosten. Den Erwartungen unserer traditionellen Konzertbesucher konnten wir mit unserem ersten Teil des Abends in gewohnter Weise gerecht werden. Unser Dirigent Martin Eittinger hat mit seiner St\u00fcckauswahl alles richtig gemacht. Wir waren gefordert, die [&hellip;]<\/p>\n","protected":false},"author":1,"featured_media":557,"comment_status":"open","ping_status":"open","sticky":false,"template":"","format":"standard","meta":{"footnotes":""},"categories":[7],"tags":[],"_links":{"self":[{"href":"https:\/\/www.musikvereinigung-tiefenbach.de\/index.php?rest_route=\/wp\/v2\/posts\/543"}],"collection":[{"href":"https:\/\/www.musikvereinigung-tiefenbach.de\/index.php?rest_route=\/wp\/v2\/posts"}],"about":[{"href":"https:\/\/www.musikvereinigung-tiefenbach.de\/index.php?rest_route=\/wp\/v2\/types\/post"}],"author":[{"embeddable":true,"href":"https:\/\/www.musikvereinigung-tiefenbach.de\/index.php?rest_route=\/wp\/v2\/users\/1"}],"replies":[{"embeddable":true,"href":"https:\/\/www.musikvereinigung-tiefenbach.de\/index.php?rest_route=%2Fwp%2Fv2%2Fcomments&post=543"}],"version-history":[{"count":4,"href":"https:\/\/www.musikvereinigung-tiefenbach.de\/index.php?rest_route=\/wp\/v2\/posts\/543\/revisions"}],"predecessor-version":[{"id":599,"href":"https:\/\/www.musikvereinigung-tiefenbach.de\/index.php?rest_route=\/wp\/v2\/posts\/543\/revisions\/599"}],"wp:featuredmedia":[{"embeddable":true,"href":"https:\/\/www.musikvereinigung-tiefenbach.de\/index.php?rest_route=\/wp\/v2\/media\/557"}],"wp:attachment":[{"href":"https:\/\/www.musikvereinigung-tiefenbach.de\/index.php?rest_route=%2Fwp%2Fv2%2Fmedia&parent=543"}],"wp:term":[{"taxonomy":"category","embeddable":true,"href":"https:\/\/www.musikvereinigung-tiefenbach.de\/index.php?rest_route=%2Fwp%2Fv2%2Fcategories&post=543"},{"taxonomy":"post_tag","embeddable":true,"href":"https:\/\/www.musikvereinigung-tiefenbach.de\/index.php?rest_route=%2Fwp%2Fv2%2Ftags&post=543"}],"curies":[{"name":"wp","href":"https:\/\/api.w.org\/{rel}","templated":true}]}}