{"id":615,"date":"2019-05-12T14:45:35","date_gmt":"2019-05-12T12:45:35","guid":{"rendered":"https:\/\/www.musikvereinigung-tiefenbach.de\/?p=615"},"modified":"2019-05-12T14:48:06","modified_gmt":"2019-05-12T12:48:06","slug":"100-jahre-musikverein-tiefenbach-oestringen","status":"publish","type":"post","link":"https:\/\/www.musikvereinigung-tiefenbach.de\/?p=615","title":{"rendered":"100 Jahre Musikverein Tiefenbach (\u00d6stringen)"},"content":{"rendered":"<p><\/p>\n<p>Anl\u00e4sslich des Festakts zum <strong>100-j\u00e4hrigen Bestehen des Musikvereins Tiefenbach bei \u00d6stringen<\/strong> haben wir unsere Musikerfreunde in Tiefenbach-\u00d6stringen besucht.<\/p>\n<p><\/p>\n<p><\/p>\n<h4 class=\"wp-block-heading\">100 Jahre Musikverein &#8211; fast 50 Jahre Tiefenbacher Treffen<\/h4>\n<p><\/p>\n<p><\/p>\n<div class=\"wp-block-image\">\n<figure class=\"alignright is-resized\"><img loading=\"lazy\" decoding=\"async\" src=\"https:\/\/www.musikvereinigung-tiefenbach.de\/wp-content\/uploads\/2019\/05\/image2.jpeg\" alt=\"\" class=\"wp-image-616\" width=\"513\" height=\"385\" srcset=\"https:\/\/www.musikvereinigung-tiefenbach.de\/wp-content\/uploads\/2019\/05\/image2.jpeg 640w, https:\/\/www.musikvereinigung-tiefenbach.de\/wp-content\/uploads\/2019\/05\/image2-300x225.jpeg 300w\" sizes=\"(max-width: 513px) 100vw, 513px\" \/><figcaption>Michael Vetter und Fabian Sailer bei der \u00dcbergabe des Pr\u00e4sents<\/figcaption><\/figure>\n<\/div>\n<p><\/p>\n<p><\/p>\n<p>Die Musikvereine aus Tiefenbach-\u00d6stringen, Tiefenbach-Gundelsheim und Tiefenbach-Illertissen pflegen seit mittlerweile fast <strong>50 Jahren eine intensive Freundschaft<\/strong>, welche im Rahmen der Tiefenbacher Treffen  aufrechterhalten wird. R\u00fcckblickend nahezu unverst\u00e4ndlich, wie die Kollegen aus Tiefenbach-\u00d6stringen die ersten 50 Jahre ihrer Vereinsarbeit ohne Tiefenbacher Treffen bestreiten konnten. <\/p>\n<p><\/p>\n<p><\/p>\n<p>Wir sind nicht mit leeren H\u00e4nden gekommen und haben dem Musikverein mit ihrem 1<strong>. Vorstand Michael Vetter einen Notengutschein \u00fcberreicht<\/strong>. Ein gelungener Festabend bei dem wir auch die Tiefenbacher aus Gundelsheim wieder sehen konnten &#8211; quasi ein <strong>Mini-Tiefenbacher Treffen<\/strong>.<\/p>\n<p><\/p>\n","protected":false},"excerpt":{"rendered":"<p>Anl\u00e4sslich des Festakts zum 100-j\u00e4hrigen Bestehen des Musikvereins Tiefenbach bei \u00d6stringen haben wir unsere Musikerfreunde in Tiefenbach-\u00d6stringen besucht. 100 Jahre Musikverein &#8211; fast 50 Jahre Tiefenbacher Treffen Die Musikvereine aus Tiefenbach-\u00d6stringen, Tiefenbach-Gundelsheim und Tiefenbach-Illertissen pflegen seit mittlerweile fast 50 Jahren eine intensive Freundschaft, welche im Rahmen der Tiefenbacher Treffen aufrechterhalten wird. R\u00fcckblickend nahezu unverst\u00e4ndlich, wie [&hellip;]<\/p>\n","protected":false},"author":1,"featured_media":616,"comment_status":"open","ping_status":"open","sticky":false,"template":"","format":"standard","meta":{"footnotes":""},"categories":[7],"tags":[],"_links":{"self":[{"href":"https:\/\/www.musikvereinigung-tiefenbach.de\/index.php?rest_route=\/wp\/v2\/posts\/615"}],"collection":[{"href":"https:\/\/www.musikvereinigung-tiefenbach.de\/index.php?rest_route=\/wp\/v2\/posts"}],"about":[{"href":"https:\/\/www.musikvereinigung-tiefenbach.de\/index.php?rest_route=\/wp\/v2\/types\/post"}],"author":[{"embeddable":true,"href":"https:\/\/www.musikvereinigung-tiefenbach.de\/index.php?rest_route=\/wp\/v2\/users\/1"}],"replies":[{"embeddable":true,"href":"https:\/\/www.musikvereinigung-tiefenbach.de\/index.php?rest_route=%2Fwp%2Fv2%2Fcomments&post=615"}],"version-history":[{"count":3,"href":"https:\/\/www.musikvereinigung-tiefenbach.de\/index.php?rest_route=\/wp\/v2\/posts\/615\/revisions"}],"predecessor-version":[{"id":619,"href":"https:\/\/www.musikvereinigung-tiefenbach.de\/index.php?rest_route=\/wp\/v2\/posts\/615\/revisions\/619"}],"wp:featuredmedia":[{"embeddable":true,"href":"https:\/\/www.musikvereinigung-tiefenbach.de\/index.php?rest_route=\/wp\/v2\/media\/616"}],"wp:attachment":[{"href":"https:\/\/www.musikvereinigung-tiefenbach.de\/index.php?rest_route=%2Fwp%2Fv2%2Fmedia&parent=615"}],"wp:term":[{"taxonomy":"category","embeddable":true,"href":"https:\/\/www.musikvereinigung-tiefenbach.de\/index.php?rest_route=%2Fwp%2Fv2%2Fcategories&post=615"},{"taxonomy":"post_tag","embeddable":true,"href":"https:\/\/www.musikvereinigung-tiefenbach.de\/index.php?rest_route=%2Fwp%2Fv2%2Ftags&post=615"}],"curies":[{"name":"wp","href":"https:\/\/api.w.org\/{rel}","templated":true}]}}