{"id":710,"date":"2019-07-28T15:52:51","date_gmt":"2019-07-28T13:52:51","guid":{"rendered":"https:\/\/www.musikvereinigung-tiefenbach.de\/?p=710"},"modified":"2019-07-28T15:56:57","modified_gmt":"2019-07-28T13:56:57","slug":"bericht-zum-waldfest-bubenhausen","status":"publish","type":"post","link":"https:\/\/www.musikvereinigung-tiefenbach.de\/?p=710","title":{"rendered":"Bericht zum Waldfest Bubenhausen"},"content":{"rendered":"<p><\/p>\n<h3 class=\"wp-block-heading\">Blasmusik und Gaudimax<\/h3>\n<p><\/p>\n<p><\/p>\n<p>Am Samstag, den 27.07.2019, waren wir bei unseren Nachbarn aus Bubenhausen zu Gast. Bei mittlerweile wieder angenehmen Temperaturen, k\u00fchlem Bier und einer riesen Portion Humor hatten wir einen recht am\u00fcsanten Abend!<\/p>\n<p><\/p>\n<p><\/p>\n<figure class=\"wp-block-image alignfull\"><img loading=\"lazy\" decoding=\"async\" width=\"1000\" height=\"750\" src=\"https:\/\/www.musikvereinigung-tiefenbach.de\/wp-content\/uploads\/2019\/07\/mvt_waldfestbubenhausen2019_low_0003.jpg\" alt=\"\" class=\"wp-image-708\" srcset=\"https:\/\/www.musikvereinigung-tiefenbach.de\/wp-content\/uploads\/2019\/07\/mvt_waldfestbubenhausen2019_low_0003.jpg 1000w, https:\/\/www.musikvereinigung-tiefenbach.de\/wp-content\/uploads\/2019\/07\/mvt_waldfestbubenhausen2019_low_0003-300x225.jpg 300w, https:\/\/www.musikvereinigung-tiefenbach.de\/wp-content\/uploads\/2019\/07\/mvt_waldfestbubenhausen2019_low_0003-768x576.jpg 768w\" sizes=\"(max-width: 1000px) 100vw, 1000px\" \/><\/figure>\n<p><\/p>\n<p><\/p>\n<p>Die Gastgeber des Musikvereins Bubenhausen nutzten unsere musikalischen Pausen und heiterten die Stimmung mit ihrem &#8222;Gaudimax&#8220;-Wettbewerb auf. In drei Runden wurden der Witzek\u00f6nig des Abends gekr\u00f6nt. <br \/>Unser Franz lie\u00df sich diesen Auftritt selbstverst\u00e4ndlich nicht nehmen und gab einen Auszug seines (scheinbar unendlichen) Reportoire zum Besten. <strong>Gereicht hat es f\u00fcr den 2. Platz! <\/strong>&#8222;Klassscheee&#8220; Franz! \ud83d\ude42<\/p>\n<p><\/p>\n<p><\/p>\n<ul class=\"wp-block-gallery columns-2 is-cropped wp-block-gallery-1 is-layout-flex wp-block-gallery-is-layout-flex\">\n<li class=\"blocks-gallery-item\">\n<figure><img loading=\"lazy\" decoding=\"async\" width=\"1000\" height=\"750\" src=\"https:\/\/www.musikvereinigung-tiefenbach.de\/wp-content\/uploads\/2019\/07\/mvt_waldfestbubenhausen2019_low_0002.jpg\" alt=\"\" data-id=\"707\" data-link=\"https:\/\/www.musikvereinigung-tiefenbach.de\/?attachment_id=707\" class=\"wp-image-707\" srcset=\"https:\/\/www.musikvereinigung-tiefenbach.de\/wp-content\/uploads\/2019\/07\/mvt_waldfestbubenhausen2019_low_0002.jpg 1000w, https:\/\/www.musikvereinigung-tiefenbach.de\/wp-content\/uploads\/2019\/07\/mvt_waldfestbubenhausen2019_low_0002-300x225.jpg 300w, https:\/\/www.musikvereinigung-tiefenbach.de\/wp-content\/uploads\/2019\/07\/mvt_waldfestbubenhausen2019_low_0002-768x576.jpg 768w\" sizes=\"(max-width: 1000px) 100vw, 1000px\" \/><\/figure>\n<\/li>\n<li class=\"blocks-gallery-item\">\n<figure><img loading=\"lazy\" decoding=\"async\" width=\"1000\" height=\"750\" src=\"https:\/\/www.musikvereinigung-tiefenbach.de\/wp-content\/uploads\/2019\/07\/mvt_waldfestbubenhausen2019_low_0001.jpg\" alt=\"\" data-id=\"709\" data-link=\"https:\/\/www.musikvereinigung-tiefenbach.de\/?attachment_id=709\" class=\"wp-image-709\" srcset=\"https:\/\/www.musikvereinigung-tiefenbach.de\/wp-content\/uploads\/2019\/07\/mvt_waldfestbubenhausen2019_low_0001.jpg 1000w, https:\/\/www.musikvereinigung-tiefenbach.de\/wp-content\/uploads\/2019\/07\/mvt_waldfestbubenhausen2019_low_0001-300x225.jpg 300w, https:\/\/www.musikvereinigung-tiefenbach.de\/wp-content\/uploads\/2019\/07\/mvt_waldfestbubenhausen2019_low_0001-768x576.jpg 768w\" sizes=\"(max-width: 1000px) 100vw, 1000px\" \/><\/figure>\n<\/li>\n<\/ul>\n<p><\/p>\n<p><\/p>\n<p>Wir bedanken uns nochmals recht herzlich f\u00fcr die Einladung und die sehr gute Verpflegung! Vielen Dank auch an unsere mitgereisten Zuh\u00f6rer aus Tiefenbach, sch\u00f6n euch immer zu unseren Auftritten zu sehen!<br \/><a href=\"https:\/\/www.musikvereinigung-tiefenbach.de\/?page_id=59\">Unser n\u00e4chster Auftritt dann in Osterberg<\/a> &#8211; wir sehen uns!<\/p>\n<p><\/p>\n","protected":false},"excerpt":{"rendered":"<p>Blasmusik und Gaudimax Am Samstag, den 27.07.2019, waren wir bei unseren Nachbarn aus Bubenhausen zu Gast. Bei mittlerweile wieder angenehmen Temperaturen, k\u00fchlem Bier und einer riesen Portion Humor hatten wir einen recht am\u00fcsanten Abend! Die Gastgeber des Musikvereins Bubenhausen nutzten unsere musikalischen Pausen und heiterten die Stimmung mit ihrem &#8222;Gaudimax&#8220;-Wettbewerb auf. In drei Runden wurden [&hellip;]<\/p>\n","protected":false},"author":1,"featured_media":708,"comment_status":"open","ping_status":"open","sticky":false,"template":"","format":"standard","meta":{"footnotes":""},"categories":[7],"tags":[],"_links":{"self":[{"href":"https:\/\/www.musikvereinigung-tiefenbach.de\/index.php?rest_route=\/wp\/v2\/posts\/710"}],"collection":[{"href":"https:\/\/www.musikvereinigung-tiefenbach.de\/index.php?rest_route=\/wp\/v2\/posts"}],"about":[{"href":"https:\/\/www.musikvereinigung-tiefenbach.de\/index.php?rest_route=\/wp\/v2\/types\/post"}],"author":[{"embeddable":true,"href":"https:\/\/www.musikvereinigung-tiefenbach.de\/index.php?rest_route=\/wp\/v2\/users\/1"}],"replies":[{"embeddable":true,"href":"https:\/\/www.musikvereinigung-tiefenbach.de\/index.php?rest_route=%2Fwp%2Fv2%2Fcomments&post=710"}],"version-history":[{"count":3,"href":"https:\/\/www.musikvereinigung-tiefenbach.de\/index.php?rest_route=\/wp\/v2\/posts\/710\/revisions"}],"predecessor-version":[{"id":713,"href":"https:\/\/www.musikvereinigung-tiefenbach.de\/index.php?rest_route=\/wp\/v2\/posts\/710\/revisions\/713"}],"wp:featuredmedia":[{"embeddable":true,"href":"https:\/\/www.musikvereinigung-tiefenbach.de\/index.php?rest_route=\/wp\/v2\/media\/708"}],"wp:attachment":[{"href":"https:\/\/www.musikvereinigung-tiefenbach.de\/index.php?rest_route=%2Fwp%2Fv2%2Fmedia&parent=710"}],"wp:term":[{"taxonomy":"category","embeddable":true,"href":"https:\/\/www.musikvereinigung-tiefenbach.de\/index.php?rest_route=%2Fwp%2Fv2%2Fcategories&post=710"},{"taxonomy":"post_tag","embeddable":true,"href":"https:\/\/www.musikvereinigung-tiefenbach.de\/index.php?rest_route=%2Fwp%2Fv2%2Ftags&post=710"}],"curies":[{"name":"wp","href":"https:\/\/api.w.org\/{rel}","templated":true}]}}