{"id":746,"date":"2019-08-08T18:25:13","date_gmt":"2019-08-08T16:25:13","guid":{"rendered":"https:\/\/www.musikvereinigung-tiefenbach.de\/?p=746"},"modified":"2019-08-08T21:40:00","modified_gmt":"2019-08-08T19:40:00","slug":"spendenaktion-fuer-beschallungsequipment","status":"publish","type":"post","link":"https:\/\/www.musikvereinigung-tiefenbach.de\/?p=746","title":{"rendered":"Spendenaktion f\u00fcr Beschallungsequipment"},"content":{"rendered":"<p><\/p>\n<div class=\"wp-block-image\">\n<figure class=\"alignright is-resized\"><img loading=\"lazy\" decoding=\"async\" src=\"https:\/\/www.musikvereinigung-tiefenbach.de\/wp-content\/uploads\/2019\/07\/dorffest2019_004_low.jpg\" alt=\"\" class=\"wp-image-699\" width=\"500\" height=\"375\" srcset=\"https:\/\/www.musikvereinigung-tiefenbach.de\/wp-content\/uploads\/2019\/07\/dorffest2019_004_low.jpg 1000w, https:\/\/www.musikvereinigung-tiefenbach.de\/wp-content\/uploads\/2019\/07\/dorffest2019_004_low-300x225.jpg 300w, https:\/\/www.musikvereinigung-tiefenbach.de\/wp-content\/uploads\/2019\/07\/dorffest2019_004_low-768x576.jpg 768w\" sizes=\"(max-width: 500px) 100vw, 500px\" \/><\/figure>\n<\/div>\n<p><\/p>\n<p><\/p>\n<p><strong>In die Jahre gekommen<br \/><\/strong>Unsere Verst\u00e4rkeranlage ist mittlerweile in die Jahre gekommen und lange nicht mehr Stand der Technik. F\u00fcr unsere Musikkapelle bestehend aus ca. 25 Musikern im meist b\u00f6hmisch-m\u00e4hrischen Stil unterwegs m\u00f6chten wir gerne unser Equipment erneuern.<\/p>\n<p><\/p>\n<p><\/p>\n<p><strong>Finanzielle Belastung in den letzten Jahren gestiegen<br \/><\/strong>Trotz Sparsamkeit rei\u00dft uns diese Investition ein Loch in die Kasse, welches wir gerne mit eurer Hilfe so gering wie m\u00f6glich halten m\u00f6chten, dann bleibt auch weiterhin ein kleiner Puffer f\u00fcr Noten, Dirigent, Trachten und ggf. eine neue Tuba.<br \/>Ohne eure Unterst\u00fctzung k\u00f6nnte uns bereits ein verregnetes Jahr ohne unsere Haupteinnahmequellen Dorffest und Brotzeitabend finanziell mit dem R\u00fccken zur Wand stellen.<\/p>\n<p><\/p>\n<p><\/p>\n<h2 class=\"wp-block-heading\"><strong>WO KLEMMT&#8217;S?<\/strong><\/h2>\n<p><\/p>\n<p><\/p>\n<p><strong><br \/><\/strong>Unsere bisheriges Equipment soll mehrstufig ersetzt werden. Beginnen m\u00f6chten wir mit neuen Lautsprechern, bestehend aus zwei Lautsprecherpaaren (Subwoofer und Hocht\u00f6ner) und einem Gesangsmonitor.<br \/>Folgen sollen dann in der nahen Zukunft neue Mikrofone, wo n\u00f6tig, und evtl. ein Digitalmischpult. <\/p>\n<p><\/p>\n<p><\/p>\n<h2 class=\"wp-block-heading\"><strong>UND JETZT KOMMST DU!<\/strong><\/h2>\n<p><\/p>\n<p><\/p>\n<p>Unterst\u00fctze uns mit deiner Spende, sodass wir dir bei unseren Auftritten weiterhin einen angenehmen Sound bieten k\u00f6nnen. <strong>Jeder Euro z\u00e4hlt und wird f\u00fcr diesen Zweck verwendet!  <\/strong><\/p>\n<p><\/p>\n<p><\/p>\n<p><strong>Wir m\u00f6chten uns bereits Vorab f\u00fcr deine Unterst\u00fctzung bedanken<\/strong> und wissen das wirklich sehr zu sch\u00e4tzen! Spende gleich hier oder erhalte weitere Informationen unter <strong><a href=\"https:\/\/betterplace.org\/p71998\">betterplace.org.<\/a><\/strong><\/p>\n<p><\/p>\n<p><\/p>\n<div class=\"wp-block-image\">\n<figure class=\"alignleft is-resized\"><img loading=\"lazy\" decoding=\"async\" src=\"https:\/\/www.musikvereinigung-tiefenbach.de\/wp-content\/uploads\/2019\/08\/beer-keg-3717059_1920-1024x683.jpg\" alt=\"\" class=\"wp-image-762\" width=\"221\" height=\"148\" srcset=\"https:\/\/www.musikvereinigung-tiefenbach.de\/wp-content\/uploads\/2019\/08\/beer-keg-3717059_1920-1024x683.jpg 1024w, https:\/\/www.musikvereinigung-tiefenbach.de\/wp-content\/uploads\/2019\/08\/beer-keg-3717059_1920-300x200.jpg 300w, https:\/\/www.musikvereinigung-tiefenbach.de\/wp-content\/uploads\/2019\/08\/beer-keg-3717059_1920-768x512.jpg 768w, https:\/\/www.musikvereinigung-tiefenbach.de\/wp-content\/uploads\/2019\/08\/beer-keg-3717059_1920.jpg 1920w\" sizes=\"(max-width: 221px) 100vw, 221px\" \/><\/figure>\n<\/div>\n<p><\/p>\n<p><\/p>\n<h2 class=\"wp-block-heading\"><strong>AUFGEPASST!<\/strong><\/h2>\n<p><\/p>\n<p><\/p>\n<p style=\"text-align:left\">Sollten wir es tats\u00e4chlich schaffen den ben\u00f6tigten Betrag mit eurer Hilfe zu erreichen, <strong>verlosen wir unter allen Spendern ein privates St\u00e4ndchen! <\/strong> Das Beste: Ein Fass Bier bringen wir gleich mit!*<\/p>\n<p><\/p>\n<p><p>\n<script type=\"text\/javascript\">\n  \/* Configure at https:\/\/www.betterplace.org\/de\/projects\/71998-spendenaktion-fur-neues-beschallungsequipment\/manage\/iframe_donation_form\/new *\/\n  var _bp_iframe        = _bp_iframe || {};\n  _bp_iframe.project_id = 71998; \/* REQUIRED *\/\n  _bp_iframe.lang       = 'de'; \/* Language of the form *\/\n  _bp_iframe.width = 1100; \/* Custom iframe-tag-width, integer *\/\n  _bp_iframe.color = '830824'; \/* Button and banderole color, hex without \"#\" *\/\n  _bp_iframe.background_color = 'ffffff'; \/* Background-color, hex without \"#\" *\/\n  _bp_iframe.default_amount = 50; \/* Donation-amount, integer 1-99 *\/\n  _bp_iframe.recurring_interval = 'single'; \/* Interval for recurring donations, string out of [\"single\", \"monthly\", \"quarter_yearly\", \"half_yearly\", \"yearly\"] *\/\n  _bp_iframe.bottom_logo = true;\n  (function() {\n    var bp = document.createElement('script'); bp.type = 'text\/javascript'; bp.async = true;\n    bp.src = 'https:\/\/betterplace-assets.betterplace.org\/assets\/load_donation_iframe.js';\n    var s = document.getElementsByTagName('script')[0]; s.parentNode.insertBefore(bp, s);\n  })();\n<\/script><\/p>\n<div id=\"betterplace_donation_iframe\" style=\"background: transparent url('https:\/\/www.betterplace.org\/assets\/new_spinner.gif') 275px 20px no-repeat;\"><strong><a href=\"https:\/\/www.betterplace.org\/de\/donate\/platform\/projects\/71998-spendenaktion-fur-neues-beschallungsequipment\">Jetzt Spenden f\u00fcr \u201eSpendenaktion f\u00fcr neues Beschallungsequipment\u201c bei unserem Partner betterplace.org<\/a><\/strong><\/div>\n<p>\n<\/p>\n<p><\/p>\n<p><em>*An der Verlosung nimmt teil, wer der Weitergabe der Kontaktdaten zustimmt und eine Spende von 50 \u20ac oder mehr leistet.<\/em><\/p>\n<p><\/p>\n","protected":false},"excerpt":{"rendered":"<p>In die Jahre gekommenUnsere Verst\u00e4rkeranlage ist mittlerweile in die Jahre gekommen und lange nicht mehr Stand der Technik. F\u00fcr unsere Musikkapelle bestehend aus ca. 25 Musikern im meist b\u00f6hmisch-m\u00e4hrischen Stil unterwegs m\u00f6chten wir gerne unser Equipment erneuern. Finanzielle Belastung in den letzten Jahren gestiegenTrotz Sparsamkeit rei\u00dft uns diese Investition ein Loch in die Kasse, welches [&hellip;]<\/p>\n","protected":false},"author":1,"featured_media":744,"comment_status":"open","ping_status":"open","sticky":false,"template":"","format":"standard","meta":{"footnotes":""},"categories":[7],"tags":[],"_links":{"self":[{"href":"https:\/\/www.musikvereinigung-tiefenbach.de\/index.php?rest_route=\/wp\/v2\/posts\/746"}],"collection":[{"href":"https:\/\/www.musikvereinigung-tiefenbach.de\/index.php?rest_route=\/wp\/v2\/posts"}],"about":[{"href":"https:\/\/www.musikvereinigung-tiefenbach.de\/index.php?rest_route=\/wp\/v2\/types\/post"}],"author":[{"embeddable":true,"href":"https:\/\/www.musikvereinigung-tiefenbach.de\/index.php?rest_route=\/wp\/v2\/users\/1"}],"replies":[{"embeddable":true,"href":"https:\/\/www.musikvereinigung-tiefenbach.de\/index.php?rest_route=%2Fwp%2Fv2%2Fcomments&post=746"}],"version-history":[{"count":20,"href":"https:\/\/www.musikvereinigung-tiefenbach.de\/index.php?rest_route=\/wp\/v2\/posts\/746\/revisions"}],"predecessor-version":[{"id":771,"href":"https:\/\/www.musikvereinigung-tiefenbach.de\/index.php?rest_route=\/wp\/v2\/posts\/746\/revisions\/771"}],"wp:featuredmedia":[{"embeddable":true,"href":"https:\/\/www.musikvereinigung-tiefenbach.de\/index.php?rest_route=\/wp\/v2\/media\/744"}],"wp:attachment":[{"href":"https:\/\/www.musikvereinigung-tiefenbach.de\/index.php?rest_route=%2Fwp%2Fv2%2Fmedia&parent=746"}],"wp:term":[{"taxonomy":"category","embeddable":true,"href":"https:\/\/www.musikvereinigung-tiefenbach.de\/index.php?rest_route=%2Fwp%2Fv2%2Fcategories&post=746"},{"taxonomy":"post_tag","embeddable":true,"href":"https:\/\/www.musikvereinigung-tiefenbach.de\/index.php?rest_route=%2Fwp%2Fv2%2Ftags&post=746"}],"curies":[{"name":"wp","href":"https:\/\/api.w.org\/{rel}","templated":true}]}}