{"id":773,"date":"2019-08-17T16:06:32","date_gmt":"2019-08-17T14:06:32","guid":{"rendered":"https:\/\/www.musikvereinigung-tiefenbach.de\/?p=773"},"modified":"2019-08-17T16:08:32","modified_gmt":"2019-08-17T14:08:32","slug":"wir-gehen-in-die-sommerpause","status":"publish","type":"post","link":"https:\/\/www.musikvereinigung-tiefenbach.de\/?p=773","title":{"rendered":"Wir gehen in die Sommerpause!"},"content":{"rendered":"<p><\/p>\n<h4 class=\"wp-block-heading\">Auftritt beim Pfarrfest in Obenhausen l\u00e4sst unsere musikalische Saison ausklingen<\/h4>\n<p><\/p>\n<p><\/p>\n<p>Mit unserem Auftritt beim Pfarrfest in Obenhausen verabschieden wir uns in die Sommerpause. Zugleich k\u00f6nnen wir auf ein, in jeder Hinsicht, aktives Jahr zur\u00fcckblicken. <br \/>Das Adventsfenster, das Weihnachtskonzert und unser Konzert f\u00fcr Jedermann sicherten uns die notwendige Ausdauer, ehe wir dann mit der Tiefenbacher Maibaumfeier in die Unterhaltungssaison gestartet sind. <\/p>\n<p>Besonders stolz k\u00f6nnen wir auf die beiden Tiefenbacher Feste zur\u00fcckblicken, mit Brotzeitabend im Juni und Dorffest im Juli hatten wir alle H\u00e4nde voll zu tun und hatten, nicht desto trotz dank euren Besuchen und eurer Unterst\u00fctzung, m\u00e4chtig Spa\u00df.<br \/>Wir bedanken uns nochmals bei allen Helfern, die uns im letzten Jahr tatkr\u00e4ftig und finanziell unterst\u00fctzt haben!<\/p>\n<p><\/p>\n<p><\/p>\n<h4 class=\"wp-block-heading\">Schlag auf Schlag nach dem Tiefenbacher Dorffest<\/h4>\n<p><\/p>\n<p><\/p>\n<p>Mit Auftritten auf dem Waldfest in Bubenhausen, beim Sommerfest in Osterberg und zuletzt auf dem Pfarrfest in Obenhausen konnten wir unser K\u00f6nnen unter Beweis stellen und euch mit m\u00e4chtig Spa\u00df unterhalten.<br \/><a href=\"https:\/\/www.musikvereinigung-tiefenbach.de\/?cat=8\">Klickt euch durch die Bildergalerie &#8230;<\/a><\/p>\n<p><\/p>\n<p><\/p>\n<h4 class=\"wp-block-heading\">Ausgiebig getestet<\/h4>\n<p><\/p>\n<p><\/p>\n<p>Auch konnten wir vor allem die Auftritte seit dem Dorffest dazu nutzen, um verschiedenste Konfigurationen von Lautsprecheranlagen zu testen.<br \/>Das Setup steht nun und die Grundfinanzierung aus der Vereinskasse ist beschlossene Sache! \u00dcber eure Spenden w\u00fcrden wir uns riesig freuen, sodass wir auch in den n\u00e4chsten Jahren nicht finanziell mit dem R\u00fccken zur Wand stehen. <br \/><strong><a href=\"https:\/\/www.musikvereinigung-tiefenbach.de\/?p=746\">Nutzt ganz einfach unser Spendenformular online!<\/a><\/strong><\/p>\n<p><\/p>\n","protected":false},"excerpt":{"rendered":"<p>Auftritt beim Pfarrfest in Obenhausen l\u00e4sst unsere musikalische Saison ausklingen Mit unserem Auftritt beim Pfarrfest in Obenhausen verabschieden wir uns in die Sommerpause. Zugleich k\u00f6nnen wir auf ein, in jeder Hinsicht, aktives Jahr zur\u00fcckblicken. Das Adventsfenster, das Weihnachtskonzert und unser Konzert f\u00fcr Jedermann sicherten uns die notwendige Ausdauer, ehe wir dann mit der Tiefenbacher Maibaumfeier [&hellip;]<\/p>\n","protected":false},"author":1,"featured_media":0,"comment_status":"open","ping_status":"open","sticky":false,"template":"","format":"standard","meta":{"footnotes":""},"categories":[7],"tags":[],"_links":{"self":[{"href":"https:\/\/www.musikvereinigung-tiefenbach.de\/index.php?rest_route=\/wp\/v2\/posts\/773"}],"collection":[{"href":"https:\/\/www.musikvereinigung-tiefenbach.de\/index.php?rest_route=\/wp\/v2\/posts"}],"about":[{"href":"https:\/\/www.musikvereinigung-tiefenbach.de\/index.php?rest_route=\/wp\/v2\/types\/post"}],"author":[{"embeddable":true,"href":"https:\/\/www.musikvereinigung-tiefenbach.de\/index.php?rest_route=\/wp\/v2\/users\/1"}],"replies":[{"embeddable":true,"href":"https:\/\/www.musikvereinigung-tiefenbach.de\/index.php?rest_route=%2Fwp%2Fv2%2Fcomments&post=773"}],"version-history":[{"count":6,"href":"https:\/\/www.musikvereinigung-tiefenbach.de\/index.php?rest_route=\/wp\/v2\/posts\/773\/revisions"}],"predecessor-version":[{"id":793,"href":"https:\/\/www.musikvereinigung-tiefenbach.de\/index.php?rest_route=\/wp\/v2\/posts\/773\/revisions\/793"}],"wp:attachment":[{"href":"https:\/\/www.musikvereinigung-tiefenbach.de\/index.php?rest_route=%2Fwp%2Fv2%2Fmedia&parent=773"}],"wp:term":[{"taxonomy":"category","embeddable":true,"href":"https:\/\/www.musikvereinigung-tiefenbach.de\/index.php?rest_route=%2Fwp%2Fv2%2Fcategories&post=773"},{"taxonomy":"post_tag","embeddable":true,"href":"https:\/\/www.musikvereinigung-tiefenbach.de\/index.php?rest_route=%2Fwp%2Fv2%2Ftags&post=773"}],"curies":[{"name":"wp","href":"https:\/\/api.w.org\/{rel}","templated":true}]}}