{"id":866,"date":"2019-11-02T22:14:24","date_gmt":"2019-11-02T21:14:24","guid":{"rendered":"https:\/\/www.musikvereinigung-tiefenbach.de\/?p=866"},"modified":"2020-03-07T19:42:48","modified_gmt":"2020-03-07T18:42:48","slug":"adventszeit-mit-der-mvt","status":"publish","type":"post","link":"https:\/\/www.musikvereinigung-tiefenbach.de\/?p=866","title":{"rendered":"Adventszeit 2019 mit der Musikvereinigung Tiefenbach"},"content":{"rendered":"<p><\/p>\n<div class=\"wp-block-image\">\n<figure class=\"alignleft is-resized\"><img loading=\"lazy\" decoding=\"async\" src=\"https:\/\/www.musikvereinigung-tiefenbach.de\/wp-content\/uploads\/2019\/11\/191102_Flyer_v2.jpeg\" alt=\"\" class=\"wp-image-865\" width=\"348\" height=\"488\" srcset=\"https:\/\/www.musikvereinigung-tiefenbach.de\/wp-content\/uploads\/2019\/11\/191102_Flyer_v2.jpeg 480w, https:\/\/www.musikvereinigung-tiefenbach.de\/wp-content\/uploads\/2019\/11\/191102_Flyer_v2-214x300.jpeg 214w\" sizes=\"(max-width: 348px) 100vw, 348px\" \/><\/figure>\n<\/div>\n<p><\/p>\n<p><\/p>\n<p>Wir laden euch herzlich ein gemeinsam mit uns  die Adventszeit zu begehen. <\/p>\n<p><\/p>\n<p><\/p>\n<p>Wie auch schon in den letzten Jahren nehmen wir  am <strong>begehbaren Adventskalender in Tiefenbach<\/strong> teil. Wir gestalten den Auftakt<strong> am 01. Dezember 2019 um 17.30 Uhr im Vorhof des Bgm.-Erwin-B\u00fcrzle-Haus <\/strong>(Alte Schule).<\/p>\n<p><\/p>\n<p><\/p>\n<p>Gemeinsam mit unseren Jungmusikern werden wir die Er\u00f6ffnung des, durch uns gestalteten, Fensters umrahmen.<\/p>\n<p><\/p>\n<p><\/p>\n<p>Selbstverst\u00e4ndlich sorgen wir f\u00fcr das leiblich Wohl und freuen uns bereits heute schon auf euren Besuch.<\/p>\n<p><\/p>\n<p><\/p>\n<p>Herzlich laden wir euch zum Besuch auf dem <strong>Illertisser Weihnachtsmarkt 2019<\/strong> ein. Ebenfalls mit Unterst\u00fctzung unserer Jungmusiker werden wir am 2. Adventswochenende den Sonntagabend musikalisch umrahmen. <br \/>Los geht&#8217;s am <strong>So. 08. Dezember um 17.30 Uh<\/strong>r und wir werden euch ca. eine Stunde unterhalten.<\/p>\n<p><\/p>\n<p><\/p>\n<p>Gerne erhalten wir auch das traditionelle <strong>Adventskonzert in der Kirche St. Antonius<\/strong> in Tiefenbach. Am <strong>So. 15. Dezember 2019<\/strong> um <strong>18.00 Uhr<\/strong> bieten wir euch eine kurzweilige und besinnliche Stunde zum finalen Einklang in die Adventszeit. Wir stecken bereits voller Vorfreude in der Probenarbeit!<\/p>\n<p><\/p>\n<p><\/p>\n<p>Im Anschluss an unser Konzert lassen wir den Abend bei einem gemeinsamen Umtrunk ausklingen und begr\u00fc\u00dfen euch hierzu recht herzlich in unserem Proberaum im Bgm.-Erwin-B\u00fcrzle-Haus (Alte Schule).<\/p>\n<p><\/p>\n<p><\/p>\n<p style=\"color:#830824\" class=\"has-text-color\">Nachtrag:<br \/>An alle die von Adventsstimmung, Gl\u00fchwein, Pl\u00e4tzchen und weihnachtlicher Musik gar nicht genug bekommen: Wir spielen zus\u00e4tzlich am 30.11.2019 in Tiefenbach beim &#8222;Advents Hoigarta&#8220; in Tiefenbach. Wir sehen uns!<\/p>\n<p><\/p>\n<p><\/p>\n<ul class=\"wp-block-gallery columns-2 is-cropped wp-block-gallery-1 is-layout-flex wp-block-gallery-is-layout-flex\">\n<li class=\"blocks-gallery-item\">\n<figure><a href=\"https:\/\/www.musikvereinigung-tiefenbach.de\/wp-content\/uploads\/2019\/11\/IMG_4162.jpg\"><img loading=\"lazy\" decoding=\"async\" width=\"582\" height=\"385\" src=\"https:\/\/www.musikvereinigung-tiefenbach.de\/wp-content\/uploads\/2019\/11\/IMG_4162.jpg\" alt=\"\" data-id=\"867\" data-link=\"https:\/\/www.musikvereinigung-tiefenbach.de\/?attachment_id=867\" class=\"wp-image-867\" srcset=\"https:\/\/www.musikvereinigung-tiefenbach.de\/wp-content\/uploads\/2019\/11\/IMG_4162.jpg 582w, https:\/\/www.musikvereinigung-tiefenbach.de\/wp-content\/uploads\/2019\/11\/IMG_4162-300x198.jpg 300w\" sizes=\"(max-width: 582px) 100vw, 582px\" \/><\/a><\/figure>\n<\/li>\n<li class=\"blocks-gallery-item\">\n<figure><a href=\"https:\/\/www.musikvereinigung-tiefenbach.de\/wp-content\/uploads\/2019\/11\/IMG_4163.jpg\"><img loading=\"lazy\" decoding=\"async\" width=\"582\" height=\"385\" src=\"https:\/\/www.musikvereinigung-tiefenbach.de\/wp-content\/uploads\/2019\/11\/IMG_4163.jpg\" alt=\"\" data-id=\"868\" data-link=\"https:\/\/www.musikvereinigung-tiefenbach.de\/?attachment_id=868\" class=\"wp-image-868\" srcset=\"https:\/\/www.musikvereinigung-tiefenbach.de\/wp-content\/uploads\/2019\/11\/IMG_4163.jpg 582w, https:\/\/www.musikvereinigung-tiefenbach.de\/wp-content\/uploads\/2019\/11\/IMG_4163-300x198.jpg 300w\" sizes=\"(max-width: 582px) 100vw, 582px\" \/><\/a><\/figure>\n<\/li>\n<\/ul>\n<p><\/p>\n","protected":false},"excerpt":{"rendered":"<p>Wir laden euch herzlich ein gemeinsam mit uns die Adventszeit zu begehen. Wie auch schon in den letzten Jahren nehmen wir am begehbaren Adventskalender in Tiefenbach teil. Wir gestalten den Auftakt am 01. Dezember 2019 um 17.30 Uhr im Vorhof des Bgm.-Erwin-B\u00fcrzle-Haus (Alte Schule). Gemeinsam mit unseren Jungmusikern werden wir die Er\u00f6ffnung des, durch uns [&hellip;]<\/p>\n","protected":false},"author":1,"featured_media":873,"comment_status":"open","ping_status":"open","sticky":false,"template":"","format":"standard","meta":{"footnotes":""},"categories":[7],"tags":[],"_links":{"self":[{"href":"https:\/\/www.musikvereinigung-tiefenbach.de\/index.php?rest_route=\/wp\/v2\/posts\/866"}],"collection":[{"href":"https:\/\/www.musikvereinigung-tiefenbach.de\/index.php?rest_route=\/wp\/v2\/posts"}],"about":[{"href":"https:\/\/www.musikvereinigung-tiefenbach.de\/index.php?rest_route=\/wp\/v2\/types\/post"}],"author":[{"embeddable":true,"href":"https:\/\/www.musikvereinigung-tiefenbach.de\/index.php?rest_route=\/wp\/v2\/users\/1"}],"replies":[{"embeddable":true,"href":"https:\/\/www.musikvereinigung-tiefenbach.de\/index.php?rest_route=%2Fwp%2Fv2%2Fcomments&post=866"}],"version-history":[{"count":7,"href":"https:\/\/www.musikvereinigung-tiefenbach.de\/index.php?rest_route=\/wp\/v2\/posts\/866\/revisions"}],"predecessor-version":[{"id":1285,"href":"https:\/\/www.musikvereinigung-tiefenbach.de\/index.php?rest_route=\/wp\/v2\/posts\/866\/revisions\/1285"}],"wp:featuredmedia":[{"embeddable":true,"href":"https:\/\/www.musikvereinigung-tiefenbach.de\/index.php?rest_route=\/wp\/v2\/media\/873"}],"wp:attachment":[{"href":"https:\/\/www.musikvereinigung-tiefenbach.de\/index.php?rest_route=%2Fwp%2Fv2%2Fmedia&parent=866"}],"wp:term":[{"taxonomy":"category","embeddable":true,"href":"https:\/\/www.musikvereinigung-tiefenbach.de\/index.php?rest_route=%2Fwp%2Fv2%2Fcategories&post=866"},{"taxonomy":"post_tag","embeddable":true,"href":"https:\/\/www.musikvereinigung-tiefenbach.de\/index.php?rest_route=%2Fwp%2Fv2%2Ftags&post=866"}],"curies":[{"name":"wp","href":"https:\/\/api.w.org\/{rel}","templated":true}]}}